{"id":18259,"date":"2023-12-28T10:34:09","date_gmt":"2023-12-28T13:34:09","guid":{"rendered":"https:\/\/radiostudiow.com.br\/site\/?p=18259"},"modified":"2025-01-31T15:02:24","modified_gmt":"2025-01-31T18:02:24","slug":"homem-e-preso-apos-agredir-convivente-e-enteado-em-uniao-da-vitoria","status":"publish","type":"post","link":"https:\/\/radiostudiow.com.br\/site\/2023\/12\/28\/homem-e-preso-apos-agredir-convivente-e-enteado-em-uniao-da-vitoria\/","title":{"rendered":"HOMEM \u00c9 PRESO AP\u00d3S AGREDIR CONVIVENTE E ENTEADO EM UNI\u00c3O DA VIT\u00d3RIA"},"content":{"rendered":"\n<p>A equipe da Pol\u00edcia Militar de Uni\u00e3o da Vit\u00f3ria atendeu uma ocorr\u00eancia envolvendo uma fam\u00edlia no bairro Navegantes, aonde um homem foi preso por agress\u00e3o, amea\u00e7a e posso irregular de arma de fogo por volta das 23:30 horas dessa quarta-feira (27).<\/p>\n\n\n\n<figure class=\"wp-block-image size-full\"><img decoding=\"async\" src=\"https:\/\/radiostudiow.com.br\/site\/wp-content\/uploads\/2023\/10\/SITE-GRANDE4.png\" alt=\"\" class=\"wp-image-16367\"\/><\/figure>\n\n\n\n<p>No local, as v\u00edtimas relataram ser frequentes as amea\u00e7as e que o homem veio a agredir com socos e chutes. M\u00e3e e filho ainda afirmaram que o autor disse que iria \u201cexplodir\u201d a cabe\u00e7a das v\u00edtimas com uma espingarda.<\/p>\n\n\n\n<p>Ap\u00f3s averiguar o local, uma arma foi localizada e apreendida. Diante da situa\u00e7\u00e3o o autor recebeu voz de pris\u00e3o e foi conduzido at\u00e9 a delegacia para provid\u00eancias cab\u00edveis.<\/p>\n\n\n\n<figure class=\"wp-block-image size-full\"><img decoding=\"async\" src=\"https:\/\/radiostudiow.com.br\/site\/wp-content\/uploads\/2023\/10\/SITE-GRANDE5.png\" alt=\"\" class=\"wp-image-16372\"\/><\/figure>\n","protected":false},"excerpt":{"rendered":"<p>A equipe da Pol\u00edcia Militar de Uni\u00e3o da Vit\u00f3ria atendeu uma ocorr\u00eancia envolvendo uma fam\u00edlia no bairro Navegantes, aonde um homem foi preso por agress\u00e3o, amea\u00e7a e posso irregular de arma de fogo por volta das 23:30 horas dessa quarta-feira (27). No local, as v\u00edtimas relataram ser frequentes as amea\u00e7as e que o homem veio [&hellip;]<\/p>\n","protected":false},"author":2,"featured_media":18260,"comment_status":"open","ping_status":"open","sticky":false,"template":"","format":"standard","meta":{"footnotes":""},"categories":[2],"tags":[172],"class_list":["post-18259","post","type-post","status-publish","format-standard","has-post-thumbnail","hentry","category-policial","tag-featured"],"amp_enabled":true,"_links":{"self":[{"href":"https:\/\/radiostudiow.com.br\/site\/wp-json\/wp\/v2\/posts\/18259","targetHints":{"allow":["GET"]}}],"collection":[{"href":"https:\/\/radiostudiow.com.br\/site\/wp-json\/wp\/v2\/posts"}],"about":[{"href":"https:\/\/radiostudiow.com.br\/site\/wp-json\/wp\/v2\/types\/post"}],"author":[{"embeddable":true,"href":"https:\/\/radiostudiow.com.br\/site\/wp-json\/wp\/v2\/users\/2"}],"replies":[{"embeddable":true,"href":"https:\/\/radiostudiow.com.br\/site\/wp-json\/wp\/v2\/comments?post=18259"}],"version-history":[{"count":2,"href":"https:\/\/radiostudiow.com.br\/site\/wp-json\/wp\/v2\/posts\/18259\/revisions"}],"predecessor-version":[{"id":18269,"href":"https:\/\/radiostudiow.com.br\/site\/wp-json\/wp\/v2\/posts\/18259\/revisions\/18269"}],"wp:featuredmedia":[{"embeddable":true,"href":"https:\/\/radiostudiow.com.br\/site\/wp-json\/wp\/v2\/media\/18260"}],"wp:attachment":[{"href":"https:\/\/radiostudiow.com.br\/site\/wp-json\/wp\/v2\/media?parent=18259"}],"wp:term":[{"taxonomy":"category","embeddable":true,"href":"https:\/\/radiostudiow.com.br\/site\/wp-json\/wp\/v2\/categories?post=18259"},{"taxonomy":"post_tag","embeddable":true,"href":"https:\/\/radiostudiow.com.br\/site\/wp-json\/wp\/v2\/tags?post=18259"}],"curies":[{"name":"wp","href":"https:\/\/api.w.org\/{rel}","templated":true}]}}