{"id":18262,"date":"2023-12-28T10:43:13","date_gmt":"2023-12-28T13:43:13","guid":{"rendered":"https:\/\/radiostudiow.com.br\/site\/?p=18262"},"modified":"2025-01-31T15:02:24","modified_gmt":"2025-01-31T18:02:24","slug":"mulher-se-tranca-em-banheiro-de-restaurante-para-pedir-ajuda-apos-ser-vitima-de-agressao-do-marido","status":"publish","type":"post","link":"https:\/\/radiostudiow.com.br\/site\/2023\/12\/28\/mulher-se-tranca-em-banheiro-de-restaurante-para-pedir-ajuda-apos-ser-vitima-de-agressao-do-marido\/","title":{"rendered":"MULHER SE TRANCA EM BANHEIRO DE RESTAURANTE PARA PEDIR AJUDA AP\u00d3S SER V\u00cdTIMA DE AGRESS\u00c3O DO MARIDO"},"content":{"rendered":"\n<p><em><strong>Uma mulher precisou se trancar dentro do banheiro de um restaurante para pedir ajuda \u00e0 um filho ap\u00f3s ter sido agredida pelo marido durante uma viagem por volta das 23:00 horas dessa quarta-feira (27).<\/strong><\/em><\/p>\n\n\n\n<figure class=\"wp-block-image size-full\"><img loading=\"lazy\" decoding=\"async\" width=\"300\" height=\"180\" src=\"https:\/\/radiostudiow.com.br\/site\/wp-content\/uploads\/2023\/10\/SITE-PEQUENO.png\" alt=\"\" class=\"wp-image-16508\"\/><\/figure>\n\n\n\n<p>A v\u00edtima relatou que ela e seu marido sa\u00edram de Uni\u00e3o da Vit\u00f3ria para passar o feriado em Palmas, depois do momento em fam\u00edlia, o homem teria colocado a mulher \u00e0 for\u00e7a dentro do carro e durante a viagem para casa passou a proferir xingamentos e agrediu a v\u00edtima.<\/p>\n\n\n\n<p>Pr\u00f3ximo a um restaurante na rodovia BR-153, em Uni\u00e3o da Vit\u00f3ria, a mulher pediu para ir no banheiro e chegando l\u00e1, se trancou e pediu ajuda para um filho. A equipe da Pol\u00edcia Militar foi acionada e de imediato se deslocou at\u00e9 o endere\u00e7o, abordando o autor.<\/p>\n\n\n\n<figure class=\"wp-block-image size-full\"><img decoding=\"async\" src=\"https:\/\/radiostudiow.com.br\/site\/wp-content\/uploads\/2023\/10\/SITE-GRANDE5.png\" alt=\"\" class=\"wp-image-16372\"\/><\/figure>\n\n\n\n<p>O homem admitiu ter cometido as agress\u00f5es, alegando que foi uma discuss\u00e3o por conta do pagamento da gasolina. O homem foi detido e conduzido at\u00e9 a delegacia.<\/p>\n","protected":false},"excerpt":{"rendered":"<p>Uma mulher precisou se trancar dentro do banheiro de um restaurante para pedir ajuda \u00e0 um filho ap\u00f3s ter sido agredida pelo marido durante uma viagem por volta das 23:00 horas dessa quarta-feira (27). A v\u00edtima relatou que ela e seu marido sa\u00edram de Uni\u00e3o da Vit\u00f3ria para passar o feriado em Palmas, depois do [&hellip;]<\/p>\n","protected":false},"author":2,"featured_media":13251,"comment_status":"open","ping_status":"open","sticky":false,"template":"","format":"standard","meta":{"footnotes":""},"categories":[2],"tags":[172],"class_list":["post-18262","post","type-post","status-publish","format-standard","has-post-thumbnail","hentry","category-policial","tag-featured"],"amp_enabled":true,"_links":{"self":[{"href":"https:\/\/radiostudiow.com.br\/site\/wp-json\/wp\/v2\/posts\/18262","targetHints":{"allow":["GET"]}}],"collection":[{"href":"https:\/\/radiostudiow.com.br\/site\/wp-json\/wp\/v2\/posts"}],"about":[{"href":"https:\/\/radiostudiow.com.br\/site\/wp-json\/wp\/v2\/types\/post"}],"author":[{"embeddable":true,"href":"https:\/\/radiostudiow.com.br\/site\/wp-json\/wp\/v2\/users\/2"}],"replies":[{"embeddable":true,"href":"https:\/\/radiostudiow.com.br\/site\/wp-json\/wp\/v2\/comments?post=18262"}],"version-history":[{"count":2,"href":"https:\/\/radiostudiow.com.br\/site\/wp-json\/wp\/v2\/posts\/18262\/revisions"}],"predecessor-version":[{"id":18270,"href":"https:\/\/radiostudiow.com.br\/site\/wp-json\/wp\/v2\/posts\/18262\/revisions\/18270"}],"wp:featuredmedia":[{"embeddable":true,"href":"https:\/\/radiostudiow.com.br\/site\/wp-json\/wp\/v2\/media\/13251"}],"wp:attachment":[{"href":"https:\/\/radiostudiow.com.br\/site\/wp-json\/wp\/v2\/media?parent=18262"}],"wp:term":[{"taxonomy":"category","embeddable":true,"href":"https:\/\/radiostudiow.com.br\/site\/wp-json\/wp\/v2\/categories?post=18262"},{"taxonomy":"post_tag","embeddable":true,"href":"https:\/\/radiostudiow.com.br\/site\/wp-json\/wp\/v2\/tags?post=18262"}],"curies":[{"name":"wp","href":"https:\/\/api.w.org\/{rel}","templated":true}]}}