{"id":18264,"date":"2023-12-28T11:10:10","date_gmt":"2023-12-28T14:10:10","guid":{"rendered":"https:\/\/radiostudiow.com.br\/site\/?p=18264"},"modified":"2025-01-31T15:02:24","modified_gmt":"2025-01-31T18:02:24","slug":"mulher-fica-ferida-apos-ex-convivente-ameacar-com-faca-por-nao-aceitar-fim-do-relacionamento","status":"publish","type":"post","link":"https:\/\/radiostudiow.com.br\/site\/2023\/12\/28\/mulher-fica-ferida-apos-ex-convivente-ameacar-com-faca-por-nao-aceitar-fim-do-relacionamento\/","title":{"rendered":"MULHER FICA FERIDA AP\u00d3S EX-CONVIVENTE AMEA\u00c7AR COM FACA POR N\u00c3O ACEITAR FIM DO RELACIONAMENTO"},"content":{"rendered":"\n<p><strong><em>A equipe da Pol\u00edcia Militar de Uni\u00e3o da Vit\u00f3ria foi acionada por volta das 12:30 horas dessa quarta-feira, 27 de dezembro, ap\u00f3s homem agredir a ex-convivente com uma faca no bairro S\u00e3o Francisco.<\/em><\/strong><\/p>\n\n\n\n<figure class=\"wp-block-image size-full\"><img loading=\"lazy\" decoding=\"async\" width=\"598\" height=\"204\" src=\"https:\/\/radiostudiow.com.br\/site\/wp-content\/uploads\/2023\/10\/SITE-MEDIO.png\" alt=\"\" class=\"wp-image-16319\" srcset=\"https:\/\/radiostudiow.com.br\/site\/wp-content\/uploads\/2023\/10\/SITE-MEDIO.png 598w, https:\/\/radiostudiow.com.br\/site\/wp-content\/uploads\/2023\/10\/SITE-MEDIO-300x102.png 300w\" sizes=\"auto, (max-width: 598px) 100vw, 598px\" \/><\/figure>\n\n\n\n<p>De acordo com a mulher, h\u00e1 quatro dias havia decidido pela separa\u00e7\u00e3o e o homem n\u00e3o aceitou bem o fim de rela\u00e7\u00e3o e estava fazendo amea\u00e7as para a v\u00edtima.<\/p>\n\n\n\n<p>Nesta quarta-feira, al\u00e9m das amea\u00e7as ele tamb\u00e9m puxou uma faca para a mulher, a qual tentando se defender acabou ferindo sua m\u00e3o. Quando a Pol\u00edcia foi acionada o autor se evadiu para rumo ignorado. <\/p>\n\n\n\n<p>Diante da situa\u00e7\u00e3o a equipe policial orientou a v\u00edtima quanto aos procedimentos cab\u00edveis.<\/p>\n\n\n\n<figure class=\"wp-block-image size-full\"><img decoding=\"async\" src=\"https:\/\/radiostudiow.com.br\/site\/wp-content\/uploads\/2023\/10\/SITE-GRANDE5.png\" alt=\"\" class=\"wp-image-16372\"\/><\/figure>\n","protected":false},"excerpt":{"rendered":"<p>A equipe da Pol\u00edcia Militar de Uni\u00e3o da Vit\u00f3ria foi acionada por volta das 12:30 horas dessa quarta-feira, 27 de dezembro, ap\u00f3s homem agredir a ex-convivente com uma faca no bairro S\u00e3o Francisco. De acordo com a mulher, h\u00e1 quatro dias havia decidido pela separa\u00e7\u00e3o e o homem n\u00e3o aceitou bem o fim de rela\u00e7\u00e3o [&hellip;]<\/p>\n","protected":false},"author":2,"featured_media":0,"comment_status":"open","ping_status":"open","sticky":false,"template":"","format":"standard","meta":{"footnotes":""},"categories":[2],"tags":[172],"class_list":["post-18264","post","type-post","status-publish","format-standard","hentry","category-policial","tag-featured"],"amp_enabled":true,"_links":{"self":[{"href":"https:\/\/radiostudiow.com.br\/site\/wp-json\/wp\/v2\/posts\/18264","targetHints":{"allow":["GET"]}}],"collection":[{"href":"https:\/\/radiostudiow.com.br\/site\/wp-json\/wp\/v2\/posts"}],"about":[{"href":"https:\/\/radiostudiow.com.br\/site\/wp-json\/wp\/v2\/types\/post"}],"author":[{"embeddable":true,"href":"https:\/\/radiostudiow.com.br\/site\/wp-json\/wp\/v2\/users\/2"}],"replies":[{"embeddable":true,"href":"https:\/\/radiostudiow.com.br\/site\/wp-json\/wp\/v2\/comments?post=18264"}],"version-history":[{"count":2,"href":"https:\/\/radiostudiow.com.br\/site\/wp-json\/wp\/v2\/posts\/18264\/revisions"}],"predecessor-version":[{"id":18273,"href":"https:\/\/radiostudiow.com.br\/site\/wp-json\/wp\/v2\/posts\/18264\/revisions\/18273"}],"wp:attachment":[{"href":"https:\/\/radiostudiow.com.br\/site\/wp-json\/wp\/v2\/media?parent=18264"}],"wp:term":[{"taxonomy":"category","embeddable":true,"href":"https:\/\/radiostudiow.com.br\/site\/wp-json\/wp\/v2\/categories?post=18264"},{"taxonomy":"post_tag","embeddable":true,"href":"https:\/\/radiostudiow.com.br\/site\/wp-json\/wp\/v2\/tags?post=18264"}],"curies":[{"name":"wp","href":"https:\/\/api.w.org\/{rel}","templated":true}]}}