{"id":18266,"date":"2023-12-28T10:58:55","date_gmt":"2023-12-28T13:58:55","guid":{"rendered":"https:\/\/radiostudiow.com.br\/site\/?p=18266"},"modified":"2025-01-31T15:02:24","modified_gmt":"2025-01-31T18:02:24","slug":"pm-e-acionada-apos-homem-ameacar-filha-em-uniao-da-vitoria","status":"publish","type":"post","link":"https:\/\/radiostudiow.com.br\/site\/2023\/12\/28\/pm-e-acionada-apos-homem-ameacar-filha-em-uniao-da-vitoria\/","title":{"rendered":"PM \u00c9 ACIONADA AP\u00d3S HOMEM AMEA\u00c7AR FILHA EM UNI\u00c3O DA VIT\u00d3RIA"},"content":{"rendered":"\n<p>A equipe da Pol\u00edcia Militar de Uni\u00e3o da Vit\u00f3ria foi acionada por volta das 15:30 horas dessa quarta-feira, 27 de dezembro, para atender a uma ocorr\u00eancia de amea\u00e7a familiar no bairro S\u00e3o Bernardo.<\/p>\n\n\n\n<figure class=\"wp-block-image size-full\"><img loading=\"lazy\" decoding=\"async\" width=\"598\" height=\"204\" src=\"https:\/\/radiostudiow.com.br\/site\/wp-content\/uploads\/2023\/12\/SITE-MEDIO4.png\" alt=\"\" class=\"wp-image-17598\" srcset=\"https:\/\/radiostudiow.com.br\/site\/wp-content\/uploads\/2023\/12\/SITE-MEDIO4.png 598w, https:\/\/radiostudiow.com.br\/site\/wp-content\/uploads\/2023\/12\/SITE-MEDIO4-300x102.png 300w\" sizes=\"auto, (max-width: 598px) 100vw, 598px\" \/><\/figure>\n\n\n\n<p>De acordo com informa\u00e7\u00f5es policiais, uma mulher acionou a Pol\u00edcia relatando que seu pai estava alcoolizado na resid\u00eancia e passou a fazer amea\u00e7as de agress\u00e3o contra a v\u00edtima.<\/p>\n\n\n\n<p>Diante dos fatos, ela ligou para o n\u00famero de emerg\u00eancia 190 e o homem temendo ser pego, se evadiu do local tomando rumo ignorado.<\/p>\n\n\n\n<p>A v\u00edtima ainda relatou que essa n\u00e3o foi a primeira vez que recebeu amea\u00e7as, sendo orientada a procurar a Delegacia da Mulher.<\/p>\n\n\n\n<figure class=\"wp-block-image size-full\"><img decoding=\"async\" src=\"https:\/\/radiostudiow.com.br\/site\/wp-content\/uploads\/2023\/10\/SITE-GRANDE5.png\" alt=\"\" class=\"wp-image-16372\"\/><\/figure>\n","protected":false},"excerpt":{"rendered":"<p>A equipe da Pol\u00edcia Militar de Uni\u00e3o da Vit\u00f3ria foi acionada por volta das 15:30 horas dessa quarta-feira, 27 de dezembro, para atender a uma ocorr\u00eancia de amea\u00e7a familiar no bairro S\u00e3o Bernardo. De acordo com informa\u00e7\u00f5es policiais, uma mulher acionou a Pol\u00edcia relatando que seu pai estava alcoolizado na resid\u00eancia e passou a fazer [&hellip;]<\/p>\n","protected":false},"author":2,"featured_media":12363,"comment_status":"open","ping_status":"open","sticky":false,"template":"","format":"standard","meta":{"footnotes":""},"categories":[2],"tags":[172],"class_list":["post-18266","post","type-post","status-publish","format-standard","has-post-thumbnail","hentry","category-policial","tag-featured"],"amp_enabled":true,"_links":{"self":[{"href":"https:\/\/radiostudiow.com.br\/site\/wp-json\/wp\/v2\/posts\/18266","targetHints":{"allow":["GET"]}}],"collection":[{"href":"https:\/\/radiostudiow.com.br\/site\/wp-json\/wp\/v2\/posts"}],"about":[{"href":"https:\/\/radiostudiow.com.br\/site\/wp-json\/wp\/v2\/types\/post"}],"author":[{"embeddable":true,"href":"https:\/\/radiostudiow.com.br\/site\/wp-json\/wp\/v2\/users\/2"}],"replies":[{"embeddable":true,"href":"https:\/\/radiostudiow.com.br\/site\/wp-json\/wp\/v2\/comments?post=18266"}],"version-history":[{"count":2,"href":"https:\/\/radiostudiow.com.br\/site\/wp-json\/wp\/v2\/posts\/18266\/revisions"}],"predecessor-version":[{"id":18272,"href":"https:\/\/radiostudiow.com.br\/site\/wp-json\/wp\/v2\/posts\/18266\/revisions\/18272"}],"wp:featuredmedia":[{"embeddable":true,"href":"https:\/\/radiostudiow.com.br\/site\/wp-json\/wp\/v2\/media\/12363"}],"wp:attachment":[{"href":"https:\/\/radiostudiow.com.br\/site\/wp-json\/wp\/v2\/media?parent=18266"}],"wp:term":[{"taxonomy":"category","embeddable":true,"href":"https:\/\/radiostudiow.com.br\/site\/wp-json\/wp\/v2\/categories?post=18266"},{"taxonomy":"post_tag","embeddable":true,"href":"https:\/\/radiostudiow.com.br\/site\/wp-json\/wp\/v2\/tags?post=18266"}],"curies":[{"name":"wp","href":"https:\/\/api.w.org\/{rel}","templated":true}]}}