{"id":18275,"date":"2023-12-28T15:13:40","date_gmt":"2023-12-28T18:13:40","guid":{"rendered":"https:\/\/radiostudiow.com.br\/site\/?p=18275"},"modified":"2025-01-31T15:02:24","modified_gmt":"2025-01-31T18:02:24","slug":"identificadas-as-vitimas-do-tiroteio-em-boate-na-br-277-em-palmeira","status":"publish","type":"post","link":"https:\/\/radiostudiow.com.br\/site\/2023\/12\/28\/identificadas-as-vitimas-do-tiroteio-em-boate-na-br-277-em-palmeira\/","title":{"rendered":"IDENTIFICADAS AS V\u00cdTIMAS DO TIROTEIO EM BOATE NA BR-277 EM PALMEIRA"},"content":{"rendered":"\n<p><em><strong>As v\u00edtimas do tiroteio que ocorreu em uma boate pr\u00f3xima \u00e0 BR-277, no munic\u00edpio de Palmeira, na tarde de quarta-feira (27), foram identificadas. Maycon Douglas Martins Paes, palmeirense, 37 anos, e Douglas Silva, 23 anos, da cidade de Curitiba, foram atingidos por disparos de arma de fogo e morreram no local.<\/strong><\/em><\/p>\n\n\n\n<p id=\"viewer-qpkrh140\">A jovem identificada como Zeny Zentil, de 24 anos, tamb\u00e9m de Curitiba, foi socorrida em estado grave e foi conduzida pelo Samu ao Hospital Universit\u00e1rio Regional de Ponta Grossa.<\/p>\n\n\n\n<figure class=\"wp-block-image size-full\"><img decoding=\"async\" src=\"https:\/\/radiostudiow.com.br\/site\/wp-content\/uploads\/2023\/08\/image-127.png\" alt=\"\" class=\"wp-image-14660\"\/><\/figure>\n\n\n\n<p id=\"viewer-de17i8\">Douglas teria efetuado dois disparos, que atingiram a jovem, Zeny. Maycon, ent\u00e3o, disparou contra Douglas, que conseguiu revidar mesmo j\u00e1 estando ferido e ca\u00eddo no ch\u00e3o. De acordo com informa\u00e7\u00f5es preliminares, os dois homens teriam se envolvido em uma discuss\u00e3o motivada por ci\u00fames.<\/p>\n\n\n\n<p id=\"viewer-de17i8\">O Delegado Rodrigo Siqueira, da 40\u00aa Delegacia Regional de Pol\u00edcia Civil de Palmeira, se manifestou sobre o caso e informou que as investiga\u00e7\u00f5es seguem com o aux\u00edlio das testemunhas.<\/p>\n\n\n\n<p><em>\u201cNa tarde desta quarta-feira (27), foi acionada pela Pol\u00edcia Militar, a qual realizou o primeiro atendimento, para investigar dois \u00f3bitos e um ferimento por disparo de arma de fogo ocorrido em uma boate no munic\u00edpio de Palmeira. Ao chegar ao local dos fatos, a equipe se deparou com dois homens sem sinais vitais, 37 e 23 anos, provavelmente atingidos por disparos de arma de fogo. Uma mulher de 24 tamb\u00e9m foi atingida e conduzida ao hospital de Ponta Grossa ainda com vida.<\/em><\/p>\n\n\n\n<p id=\"viewer-k7nyx16\"><em>A investiga\u00e7\u00e3o segue com as oitivas de testemunhas, per\u00edcias do IML e an\u00e1lise de imagens de circuito de videomonitoramento, a fim de elucidar as causas, modos e motiva\u00e7\u00e3o do delito\u201d, disse a nota do delegado Siqueira.<\/em><\/p>\n\n\n\n<figure class=\"wp-block-image size-full\"><img decoding=\"async\" src=\"https:\/\/radiostudiow.com.br\/site\/wp-content\/uploads\/2023\/10\/SITE-GRANDE5.png\" alt=\"\" class=\"wp-image-16372\"\/><\/figure>\n\n\n\n<p id=\"viewer-bd2lo276\"><strong><em>Com informa\u00e7\u00f5es Cruzeiro Fm 98,3 \/ Web R\u00e1dio Palmeira \/ Portal Cultura Sul FM<\/em><\/strong><\/p>\n","protected":false},"excerpt":{"rendered":"<p>As v\u00edtimas do tiroteio que ocorreu em uma boate pr\u00f3xima \u00e0 BR-277, no munic\u00edpio de Palmeira, na tarde de quarta-feira (27), foram identificadas. Maycon Douglas Martins Paes, palmeirense, 37 anos, e Douglas Silva, 23 anos, da cidade de Curitiba, foram atingidos por disparos de arma de fogo e morreram no local. A jovem identificada como [&hellip;]<\/p>\n","protected":false},"author":2,"featured_media":18276,"comment_status":"open","ping_status":"open","sticky":false,"template":"","format":"standard","meta":{"footnotes":""},"categories":[185],"tags":[172],"class_list":["post-18275","post","type-post","status-publish","format-standard","has-post-thumbnail","hentry","category-regional","tag-featured"],"amp_enabled":true,"_links":{"self":[{"href":"https:\/\/radiostudiow.com.br\/site\/wp-json\/wp\/v2\/posts\/18275","targetHints":{"allow":["GET"]}}],"collection":[{"href":"https:\/\/radiostudiow.com.br\/site\/wp-json\/wp\/v2\/posts"}],"about":[{"href":"https:\/\/radiostudiow.com.br\/site\/wp-json\/wp\/v2\/types\/post"}],"author":[{"embeddable":true,"href":"https:\/\/radiostudiow.com.br\/site\/wp-json\/wp\/v2\/users\/2"}],"replies":[{"embeddable":true,"href":"https:\/\/radiostudiow.com.br\/site\/wp-json\/wp\/v2\/comments?post=18275"}],"version-history":[{"count":1,"href":"https:\/\/radiostudiow.com.br\/site\/wp-json\/wp\/v2\/posts\/18275\/revisions"}],"predecessor-version":[{"id":18277,"href":"https:\/\/radiostudiow.com.br\/site\/wp-json\/wp\/v2\/posts\/18275\/revisions\/18277"}],"wp:featuredmedia":[{"embeddable":true,"href":"https:\/\/radiostudiow.com.br\/site\/wp-json\/wp\/v2\/media\/18276"}],"wp:attachment":[{"href":"https:\/\/radiostudiow.com.br\/site\/wp-json\/wp\/v2\/media?parent=18275"}],"wp:term":[{"taxonomy":"category","embeddable":true,"href":"https:\/\/radiostudiow.com.br\/site\/wp-json\/wp\/v2\/categories?post=18275"},{"taxonomy":"post_tag","embeddable":true,"href":"https:\/\/radiostudiow.com.br\/site\/wp-json\/wp\/v2\/tags?post=18275"}],"curies":[{"name":"wp","href":"https:\/\/api.w.org\/{rel}","templated":true}]}}