{"id":18278,"date":"2023-12-28T15:34:53","date_gmt":"2023-12-28T18:34:53","guid":{"rendered":"https:\/\/radiostudiow.com.br\/site\/?p=18278"},"modified":"2025-01-31T15:02:23","modified_gmt":"2025-01-31T18:02:23","slug":"adolescente-de-15-anos-esta-desaparecida-em-paula-freitas","status":"publish","type":"post","link":"https:\/\/radiostudiow.com.br\/site\/2023\/12\/28\/adolescente-de-15-anos-esta-desaparecida-em-paula-freitas\/","title":{"rendered":"ADOLESCENTE DE 15 ANOS EST\u00c1 DESAPARECIDA EM PAULA FREITAS"},"content":{"rendered":"\n<p>Na manh\u00e3 desta quinta-feira, 28 de Dezembro, foi registrado o boletim de ocorr\u00eancia junto a Pol\u00edcia Militar de Paula Freitas, de desaparecimento da adolescente Eduarda Gabrielly Zaborowski de Souza, de 15 anos de idade.<\/p>\n\n\n\n<figure class=\"wp-block-image size-full\"><img loading=\"lazy\" decoding=\"async\" width=\"897\" height=\"204\" src=\"https:\/\/radiostudiow.com.br\/site\/wp-content\/uploads\/2023\/10\/SITE-GRANDE3.png\" alt=\"\" class=\"wp-image-16341\" srcset=\"https:\/\/radiostudiow.com.br\/site\/wp-content\/uploads\/2023\/10\/SITE-GRANDE3.png 897w, https:\/\/radiostudiow.com.br\/site\/wp-content\/uploads\/2023\/10\/SITE-GRANDE3-300x68.png 300w, https:\/\/radiostudiow.com.br\/site\/wp-content\/uploads\/2023\/10\/SITE-GRANDE3-768x175.png 768w\" sizes=\"auto, (max-width: 897px) 100vw, 897px\" \/><\/figure>\n\n\n\n<p>Segundo seu irm\u00e3o, o qual possui a guarda da irm\u00e3, ela deixou uma carta de que iria para a casa de uma pessoa, mas n\u00e3o informou quem seria essa pessoa e nem endere\u00e7o.<\/p>\n\n\n\n<p><strong>Qualquer informa\u00e7\u00e3o sobre o paradeiro da adolescente, informe a Pol\u00edcia Militar 190.<\/strong><\/p>\n\n\n\n<figure class=\"wp-block-image size-full\"><img decoding=\"async\" src=\"https:\/\/radiostudiow.com.br\/site\/wp-content\/uploads\/2023\/10\/SITE-GRANDE5.png\" alt=\"\" class=\"wp-image-16372\"\/><\/figure>\n\n\n\n<p>FONTE: <a href=\"https:\/\/www.facebook.com\/reportertiagoamaral\" data-type=\"link\" data-id=\"https:\/\/www.facebook.com\/reportertiagoamaral\">Rep\u00f3rter Tiago Amaral<\/a><\/p>\n","protected":false},"excerpt":{"rendered":"<p>Na manh\u00e3 desta quinta-feira, 28 de Dezembro, foi registrado o boletim de ocorr\u00eancia junto a Pol\u00edcia Militar de Paula Freitas, de desaparecimento da adolescente Eduarda Gabrielly Zaborowski de Souza, de 15 anos de idade. Segundo seu irm\u00e3o, o qual possui a guarda da irm\u00e3, ela deixou uma carta de que iria para a casa de [&hellip;]<\/p>\n","protected":false},"author":2,"featured_media":18279,"comment_status":"open","ping_status":"open","sticky":false,"template":"","format":"standard","meta":{"footnotes":""},"categories":[2],"tags":[172],"class_list":["post-18278","post","type-post","status-publish","format-standard","has-post-thumbnail","hentry","category-policial","tag-featured"],"amp_enabled":true,"_links":{"self":[{"href":"https:\/\/radiostudiow.com.br\/site\/wp-json\/wp\/v2\/posts\/18278","targetHints":{"allow":["GET"]}}],"collection":[{"href":"https:\/\/radiostudiow.com.br\/site\/wp-json\/wp\/v2\/posts"}],"about":[{"href":"https:\/\/radiostudiow.com.br\/site\/wp-json\/wp\/v2\/types\/post"}],"author":[{"embeddable":true,"href":"https:\/\/radiostudiow.com.br\/site\/wp-json\/wp\/v2\/users\/2"}],"replies":[{"embeddable":true,"href":"https:\/\/radiostudiow.com.br\/site\/wp-json\/wp\/v2\/comments?post=18278"}],"version-history":[{"count":2,"href":"https:\/\/radiostudiow.com.br\/site\/wp-json\/wp\/v2\/posts\/18278\/revisions"}],"predecessor-version":[{"id":18282,"href":"https:\/\/radiostudiow.com.br\/site\/wp-json\/wp\/v2\/posts\/18278\/revisions\/18282"}],"wp:featuredmedia":[{"embeddable":true,"href":"https:\/\/radiostudiow.com.br\/site\/wp-json\/wp\/v2\/media\/18279"}],"wp:attachment":[{"href":"https:\/\/radiostudiow.com.br\/site\/wp-json\/wp\/v2\/media?parent=18278"}],"wp:term":[{"taxonomy":"category","embeddable":true,"href":"https:\/\/radiostudiow.com.br\/site\/wp-json\/wp\/v2\/categories?post=18278"},{"taxonomy":"post_tag","embeddable":true,"href":"https:\/\/radiostudiow.com.br\/site\/wp-json\/wp\/v2\/tags?post=18278"}],"curies":[{"name":"wp","href":"https:\/\/api.w.org\/{rel}","templated":true}]}}