{"id":18286,"date":"2023-12-28T18:13:30","date_gmt":"2023-12-28T21:13:30","guid":{"rendered":"https:\/\/radiostudiow.com.br\/site\/?p=18286"},"modified":"2025-01-31T15:02:23","modified_gmt":"2025-01-31T18:02:23","slug":"2024-teremos-novidades-na-iluminacao-publica-de-mallet","status":"publish","type":"post","link":"https:\/\/radiostudiow.com.br\/site\/2023\/12\/28\/2024-teremos-novidades-na-iluminacao-publica-de-mallet\/","title":{"rendered":"2024 TEREMOS NOVIDADES NA ILUMINA\u00c7\u00c3O P\u00daBLICA DE MALLET"},"content":{"rendered":"\n<p><em><strong>Encontram-se em andamento dois processos para substitui\u00e7\u00e3o de todas as lumin\u00e1rias da sede do munic\u00edpio e distritos de Rio Claro do Sul e Dorizon.<\/strong><\/em><\/p>\n\n\n\n<figure class=\"wp-block-image size-full\"><img loading=\"lazy\" decoding=\"async\" width=\"897\" height=\"204\" src=\"https:\/\/radiostudiow.com.br\/site\/wp-content\/uploads\/2023\/10\/SITE-GRANDE.png\" alt=\"\" class=\"wp-image-16338\" srcset=\"https:\/\/radiostudiow.com.br\/site\/wp-content\/uploads\/2023\/10\/SITE-GRANDE.png 897w, https:\/\/radiostudiow.com.br\/site\/wp-content\/uploads\/2023\/10\/SITE-GRANDE-300x68.png 300w, https:\/\/radiostudiow.com.br\/site\/wp-content\/uploads\/2023\/10\/SITE-GRANDE-768x175.png 768w\" sizes=\"auto, (max-width: 897px) 100vw, 897px\" \/><\/figure>\n\n\n\n<p>De acordo com o site oficial da Prefeitura Municipal de Mallet, em primeiro momento ser\u00e3o trocadas 1035 lumin\u00e1rias de vapor met\u00e1lico por lumin\u00e1rias com tecnologia LED, o que equivale a metade das lumin\u00e1rias do munic\u00edpio.<\/p>\n\n\n\n<p>O <a><\/a>processo faz parte do Projeto de Eficentiza\u00e7\u00e3o Energ\u00e9tica \u2013 COPEL e a licita\u00e7\u00e3o para contrata\u00e7\u00e3o da empresa que realizar\u00e1 os servi\u00e7os est\u00e1 marcada para 03\/01\/2024.<\/p>\n\n\n\n<p>Em outro momento, ser\u00e3o substitu\u00eddas as outras 1035 lumin\u00e1rias restantes, sendo que o projeto est\u00e1 em andamento e a previs\u00e3o da licita\u00e7\u00e3o \u00e9 mar\u00e7o de 2024.<\/p>\n\n\n\n<figure class=\"wp-block-image size-full\"><img loading=\"lazy\" decoding=\"async\" width=\"818\" height=\"513\" src=\"https:\/\/radiostudiow.com.br\/site\/wp-content\/uploads\/2023\/12\/image-102.png\" alt=\"\" class=\"wp-image-18288\" srcset=\"https:\/\/radiostudiow.com.br\/site\/wp-content\/uploads\/2023\/12\/image-102.png 818w, https:\/\/radiostudiow.com.br\/site\/wp-content\/uploads\/2023\/12\/image-102-300x188.png 300w, https:\/\/radiostudiow.com.br\/site\/wp-content\/uploads\/2023\/12\/image-102-768x482.png 768w\" sizes=\"auto, (max-width: 818px) 100vw, 818px\" \/><figcaption class=\"wp-element-caption\"><strong>Ap\u00f3s a substitui\u00e7\u00e3o das lumin\u00e1rias, a qualidade da ilumina\u00e7\u00e3o melhorar\u00e1 significativamente, melhorando assim a seguran\u00e7a dos moradores, bem como, deixar\u00e1 a cidade mais bonita.<\/strong><\/figcaption><\/figure>\n\n\n\n<figure class=\"wp-block-image size-full\"><img decoding=\"async\" src=\"https:\/\/radiostudiow.com.br\/site\/wp-content\/uploads\/2023\/10\/SITE-GRANDE5.png\" alt=\"\" class=\"wp-image-16372\"\/><\/figure>\n\n\n\n<p>Este \u00faltimo processo est\u00e1 sendo elaborado pela Prefeitura Municipal de Mallet, em conjunto com o CONDER \u2013 Cons\u00f3rcio Intermunicipal para Desenvolvimento Regional, no qual Mallet faz parte, Caixa Econ\u00f4mica Federal e Houer Engenharia.<\/p>\n\n\n\n<div class=\"wp-block-media-text is-stacked-on-mobile\"><figure class=\"wp-block-media-text__media\"><img loading=\"lazy\" decoding=\"async\" width=\"1024\" height=\"381\" src=\"https:\/\/radiostudiow.com.br\/site\/wp-content\/uploads\/2023\/12\/00-1024x381.png\" alt=\"\" class=\"wp-image-18289 size-full\" srcset=\"https:\/\/radiostudiow.com.br\/site\/wp-content\/uploads\/2023\/12\/00-1024x381.png 1024w, https:\/\/radiostudiow.com.br\/site\/wp-content\/uploads\/2023\/12\/00-300x112.png 300w, https:\/\/radiostudiow.com.br\/site\/wp-content\/uploads\/2023\/12\/00-768x286.png 768w, https:\/\/radiostudiow.com.br\/site\/wp-content\/uploads\/2023\/12\/00-1536x572.png 1536w, https:\/\/radiostudiow.com.br\/site\/wp-content\/uploads\/2023\/12\/00.png 1600w\" sizes=\"auto, (max-width: 1024px) 100vw, 1024px\" \/><\/figure><div class=\"wp-block-media-text__content\">\n<p><a href=\"https:\/\/mallet.pr.gov.br\/licitacaoView\/?id=237&amp;fbclid=IwAR0H4zOcOWvoo9B5rxbkkQwSGOBIyrcT8sfqM7XcF0iAJ_9I0F37oEC-S-Q\">https:\/\/mallet.pr.gov.br\/licitacaoView\/?id=237&amp;fbclid=IwAR0H4zOcOWvoo9B5rxbkkQwSGOBIyrcT8sfqM7XcF0iAJ_9I0F37oEC-S-Q<\/a><\/p>\n<\/div><\/div>\n\n\n\n<h2 class=\"wp-block-heading\">COPEL DIS<\/h2>\n\n\n\n<p>Contrata\u00e7\u00e3o de empresa especializada visando \u00e0 moderniza\u00e7\u00e3o do sistema de ilumina\u00e7\u00e3o p\u00fablica do munic\u00edpio de <a><\/a>Mallet, contemplando as seguintes etapas: fornecimento de lumin\u00e1rias em LED (Light Emitting Diode &#8211; Diodo Emissor de Luz), gest\u00e3o do contrato junto \u00e0 COPEL DIS, instala\u00e7\u00e3o de parte das lumin\u00e1rias, marketing, treinamento e capacita\u00e7\u00e3o dos servidores p\u00fablicos, medi\u00e7\u00e3o e verifica\u00e7\u00e3o ex post, guarda e destina\u00e7\u00e3o dos materiais retirados, bem como, a administra\u00e7\u00e3o do Termo de Coopera\u00e7\u00e3o.<\/p>\n\n\n\n<p>Data: 03\/01\/2024.<\/p>\n","protected":false},"excerpt":{"rendered":"<p>Encontram-se em andamento dois processos para substitui\u00e7\u00e3o de todas as lumin\u00e1rias da sede do munic\u00edpio e distritos de Rio Claro do Sul e Dorizon. De acordo com o site oficial da Prefeitura Municipal de Mallet, em primeiro momento ser\u00e3o trocadas 1035 lumin\u00e1rias de vapor met\u00e1lico por lumin\u00e1rias com tecnologia LED, o que equivale a metade [&hellip;]<\/p>\n","protected":false},"author":2,"featured_media":18295,"comment_status":"open","ping_status":"open","sticky":false,"template":"","format":"standard","meta":{"footnotes":""},"categories":[184],"tags":[172],"class_list":["post-18286","post","type-post","status-publish","format-standard","has-post-thumbnail","hentry","category-local","tag-featured"],"amp_enabled":true,"_links":{"self":[{"href":"https:\/\/radiostudiow.com.br\/site\/wp-json\/wp\/v2\/posts\/18286","targetHints":{"allow":["GET"]}}],"collection":[{"href":"https:\/\/radiostudiow.com.br\/site\/wp-json\/wp\/v2\/posts"}],"about":[{"href":"https:\/\/radiostudiow.com.br\/site\/wp-json\/wp\/v2\/types\/post"}],"author":[{"embeddable":true,"href":"https:\/\/radiostudiow.com.br\/site\/wp-json\/wp\/v2\/users\/2"}],"replies":[{"embeddable":true,"href":"https:\/\/radiostudiow.com.br\/site\/wp-json\/wp\/v2\/comments?post=18286"}],"version-history":[{"count":3,"href":"https:\/\/radiostudiow.com.br\/site\/wp-json\/wp\/v2\/posts\/18286\/revisions"}],"predecessor-version":[{"id":18296,"href":"https:\/\/radiostudiow.com.br\/site\/wp-json\/wp\/v2\/posts\/18286\/revisions\/18296"}],"wp:featuredmedia":[{"embeddable":true,"href":"https:\/\/radiostudiow.com.br\/site\/wp-json\/wp\/v2\/media\/18295"}],"wp:attachment":[{"href":"https:\/\/radiostudiow.com.br\/site\/wp-json\/wp\/v2\/media?parent=18286"}],"wp:term":[{"taxonomy":"category","embeddable":true,"href":"https:\/\/radiostudiow.com.br\/site\/wp-json\/wp\/v2\/categories?post=18286"},{"taxonomy":"post_tag","embeddable":true,"href":"https:\/\/radiostudiow.com.br\/site\/wp-json\/wp\/v2\/tags?post=18286"}],"curies":[{"name":"wp","href":"https:\/\/api.w.org\/{rel}","templated":true}]}}