{"id":18301,"date":"2023-12-29T10:06:12","date_gmt":"2023-12-29T13:06:12","guid":{"rendered":"https:\/\/radiostudiow.com.br\/site\/?p=18301"},"modified":"2025-01-31T15:02:23","modified_gmt":"2025-01-31T18:02:23","slug":"mulher-procura-pm-apos-ser-agredida-por-colega-de-trabalho-em-paulo-frontin","status":"publish","type":"post","link":"https:\/\/radiostudiow.com.br\/site\/2023\/12\/29\/mulher-procura-pm-apos-ser-agredida-por-colega-de-trabalho-em-paulo-frontin\/","title":{"rendered":"MULHER PROCURA PM AP\u00d3S SER AGREDIDA POR COLEGA DE TRABALHO EM PAULO FRONTIN"},"content":{"rendered":"\n<p>Uma jovem compareceu ao Pelot\u00e3o da Pol\u00edcia Militar de Paulo Frontin acompanhada de sua m\u00e3e por volta das 19:36 horas dessa quinta-feira, 28 de Dezembro, relatando uma situa\u00e7\u00e3o de les\u00e3o corporal. <\/p>\n\n\n\n<figure class=\"wp-block-image size-full\"><img decoding=\"async\" src=\"https:\/\/radiostudiow.com.br\/site\/wp-content\/uploads\/2023\/10\/SITE-GRANDE5.png\" alt=\"\" class=\"wp-image-16372\"\/><\/figure>\n\n\n\n<p>De acordo com a solicitante, sua colega de servi\u00e7o lhe agrediu no local de trabalho, a v\u00edtima afirmou que relatou que a autora a segurou pelo pesco\u00e7o e posteriormente arremessou um objeto em sua dire\u00e7\u00e3o. v\u00edtima acrescentando que a agressora apresentava sintomas de embriaguez.<\/p>\n\n\n\n<p>Diante dos relatos a equipe policial orientou a v\u00edtima quanto aos procedimentos cab\u00edveis.<\/p>\n\n\n\n<figure class=\"wp-block-image size-large\"><img decoding=\"async\" src=\"https:\/\/radiostudiow.com.br\/site\/wp-content\/uploads\/2023\/12\/image-71-1024x1000.png\" alt=\"\" class=\"wp-image-18019\"\/><\/figure>\n","protected":false},"excerpt":{"rendered":"<p>Uma jovem compareceu ao Pelot\u00e3o da Pol\u00edcia Militar de Paulo Frontin acompanhada de sua m\u00e3e por volta das 19:36 horas dessa quinta-feira, 28 de Dezembro, relatando uma situa\u00e7\u00e3o de les\u00e3o corporal. De acordo com a solicitante, sua colega de servi\u00e7o lhe agrediu no local de trabalho, a v\u00edtima afirmou que relatou que a autora a [&hellip;]<\/p>\n","protected":false},"author":2,"featured_media":13455,"comment_status":"open","ping_status":"open","sticky":false,"template":"","format":"standard","meta":{"footnotes":""},"categories":[2],"tags":[172],"class_list":["post-18301","post","type-post","status-publish","format-standard","has-post-thumbnail","hentry","category-policial","tag-featured"],"amp_enabled":true,"_links":{"self":[{"href":"https:\/\/radiostudiow.com.br\/site\/wp-json\/wp\/v2\/posts\/18301","targetHints":{"allow":["GET"]}}],"collection":[{"href":"https:\/\/radiostudiow.com.br\/site\/wp-json\/wp\/v2\/posts"}],"about":[{"href":"https:\/\/radiostudiow.com.br\/site\/wp-json\/wp\/v2\/types\/post"}],"author":[{"embeddable":true,"href":"https:\/\/radiostudiow.com.br\/site\/wp-json\/wp\/v2\/users\/2"}],"replies":[{"embeddable":true,"href":"https:\/\/radiostudiow.com.br\/site\/wp-json\/wp\/v2\/comments?post=18301"}],"version-history":[{"count":2,"href":"https:\/\/radiostudiow.com.br\/site\/wp-json\/wp\/v2\/posts\/18301\/revisions"}],"predecessor-version":[{"id":18310,"href":"https:\/\/radiostudiow.com.br\/site\/wp-json\/wp\/v2\/posts\/18301\/revisions\/18310"}],"wp:featuredmedia":[{"embeddable":true,"href":"https:\/\/radiostudiow.com.br\/site\/wp-json\/wp\/v2\/media\/13455"}],"wp:attachment":[{"href":"https:\/\/radiostudiow.com.br\/site\/wp-json\/wp\/v2\/media?parent=18301"}],"wp:term":[{"taxonomy":"category","embeddable":true,"href":"https:\/\/radiostudiow.com.br\/site\/wp-json\/wp\/v2\/categories?post=18301"},{"taxonomy":"post_tag","embeddable":true,"href":"https:\/\/radiostudiow.com.br\/site\/wp-json\/wp\/v2\/tags?post=18301"}],"curies":[{"name":"wp","href":"https:\/\/api.w.org\/{rel}","templated":true}]}}