{"id":18305,"date":"2023-12-29T21:11:55","date_gmt":"2023-12-30T00:11:55","guid":{"rendered":"https:\/\/radiostudiow.com.br\/site\/?p=18305"},"modified":"2025-01-31T15:02:23","modified_gmt":"2025-01-31T18:02:23","slug":"homem-com-mandado-de-prisao-em-aberto-e-preso-em-paula-freitas","status":"publish","type":"post","link":"https:\/\/radiostudiow.com.br\/site\/2023\/12\/29\/homem-com-mandado-de-prisao-em-aberto-e-preso-em-paula-freitas\/","title":{"rendered":"HOMEM COM MANDADO DE PRIS\u00c3O EM ABERTO \u00c9 PRESO EM PAULA FREITAS"},"content":{"rendered":"\n<p>A equipe da Pol\u00edcia Militar de Paula Freitas tomou conhecimento sobre um mandado de pris\u00e3o em desfavor de um indiv\u00edduo que poderia esta no munic\u00edpio.<\/p>\n\n\n\n<figure class=\"wp-block-image size-large\"><img decoding=\"async\" src=\"https:\/\/radiostudiow.com.br\/site\/wp-content\/uploads\/2023\/12\/image-41-1024x390.png\" alt=\"\" class=\"wp-image-17744\"\/><\/figure>\n\n\n\n<p>Com base nas informa\u00e7\u00f5es, a equipe policial se deslocou at\u00e9 a localidade Rondinha, por volta das 12:00 horas dessa quinta-feira (28), onde durante o patrulhamento, visualizou o suspeito.<\/p>\n\n\n\n<p>Foi dada voz de abordagem, posteriormente o homem foi identificado, realizada a busca pessoal e nada de il\u00edcito foi encontrado. Devido ao mandado de pris\u00e3o o autor foi conduzido at\u00e9 o DEPEN de Uni\u00e3o da Vit\u00f3ria para as devidas provid\u00eancias.<\/p>\n","protected":false},"excerpt":{"rendered":"<p>A equipe da Pol\u00edcia Militar de Paula Freitas tomou conhecimento sobre um mandado de pris\u00e3o em desfavor de um indiv\u00edduo que poderia esta no munic\u00edpio. Com base nas informa\u00e7\u00f5es, a equipe policial se deslocou at\u00e9 a localidade Rondinha, por volta das 12:00 horas dessa quinta-feira (28), onde durante o patrulhamento, visualizou o suspeito. Foi dada [&hellip;]<\/p>\n","protected":false},"author":2,"featured_media":13941,"comment_status":"open","ping_status":"open","sticky":false,"template":"","format":"standard","meta":{"footnotes":""},"categories":[2],"tags":[172],"class_list":["post-18305","post","type-post","status-publish","format-standard","has-post-thumbnail","hentry","category-policial","tag-featured"],"amp_enabled":true,"_links":{"self":[{"href":"https:\/\/radiostudiow.com.br\/site\/wp-json\/wp\/v2\/posts\/18305","targetHints":{"allow":["GET"]}}],"collection":[{"href":"https:\/\/radiostudiow.com.br\/site\/wp-json\/wp\/v2\/posts"}],"about":[{"href":"https:\/\/radiostudiow.com.br\/site\/wp-json\/wp\/v2\/types\/post"}],"author":[{"embeddable":true,"href":"https:\/\/radiostudiow.com.br\/site\/wp-json\/wp\/v2\/users\/2"}],"replies":[{"embeddable":true,"href":"https:\/\/radiostudiow.com.br\/site\/wp-json\/wp\/v2\/comments?post=18305"}],"version-history":[{"count":3,"href":"https:\/\/radiostudiow.com.br\/site\/wp-json\/wp\/v2\/posts\/18305\/revisions"}],"predecessor-version":[{"id":18333,"href":"https:\/\/radiostudiow.com.br\/site\/wp-json\/wp\/v2\/posts\/18305\/revisions\/18333"}],"wp:featuredmedia":[{"embeddable":true,"href":"https:\/\/radiostudiow.com.br\/site\/wp-json\/wp\/v2\/media\/13941"}],"wp:attachment":[{"href":"https:\/\/radiostudiow.com.br\/site\/wp-json\/wp\/v2\/media?parent=18305"}],"wp:term":[{"taxonomy":"category","embeddable":true,"href":"https:\/\/radiostudiow.com.br\/site\/wp-json\/wp\/v2\/categories?post=18305"},{"taxonomy":"post_tag","embeddable":true,"href":"https:\/\/radiostudiow.com.br\/site\/wp-json\/wp\/v2\/tags?post=18305"}],"curies":[{"name":"wp","href":"https:\/\/api.w.org\/{rel}","templated":true}]}}