{"id":18319,"date":"2023-12-29T17:28:23","date_gmt":"2023-12-29T20:28:23","guid":{"rendered":"https:\/\/radiostudiow.com.br\/site\/?p=18319"},"modified":"2025-01-31T15:02:23","modified_gmt":"2025-01-31T18:02:23","slug":"confira-detalhes-do-acidente-que-vitimou-dois-sao-mateuenses-na-br-476","status":"publish","type":"post","link":"https:\/\/radiostudiow.com.br\/site\/2023\/12\/29\/confira-detalhes-do-acidente-que-vitimou-dois-sao-mateuenses-na-br-476\/","title":{"rendered":"CONFIRA DETALHES DO ACIDENTE QUE VITIMOU DOIS S\u00c3O-MATEUENSES NA BR-476"},"content":{"rendered":"\n<p>Na tarde de quinta-feira (28), uma caminhonete que trafegava no sentido S\u00e3o Mateus do Sul colidiu na traseira de um caminh\u00e3o-tanque no Km 232 da BR 476, em frente ao Restaurante Bezerr\u00e3o, na localidade do Mato Preto. O caminh\u00e3o teria acionado os freios ao avistar outro acessando a BR e a caminhonete n\u00e3o conseguiu frear a tempo. O choque vitimou quatro pessoas, todas ocupantes da caminhonete com placas de S\u00e3o Mateus do Sul, sendo que duas acabaram falecendo devido \u00e0 gravidade dos ferimentos.<\/p>\n\n\n\n<figure class=\"wp-block-image size-full\"><img loading=\"lazy\" decoding=\"async\" width=\"897\" height=\"204\" src=\"https:\/\/radiostudiow.com.br\/site\/wp-content\/uploads\/2023\/10\/SITE-GRANDE3.png\" alt=\"\" class=\"wp-image-16341\" srcset=\"https:\/\/radiostudiow.com.br\/site\/wp-content\/uploads\/2023\/10\/SITE-GRANDE3.png 897w, https:\/\/radiostudiow.com.br\/site\/wp-content\/uploads\/2023\/10\/SITE-GRANDE3-300x68.png 300w, https:\/\/radiostudiow.com.br\/site\/wp-content\/uploads\/2023\/10\/SITE-GRANDE3-768x175.png 768w\" sizes=\"auto, (max-width: 897px) 100vw, 897px\" \/><\/figure>\n\n\n\n<p><\/p>\n\n\n\n<p>As v\u00edtimas fatais foram identificadas como Ant\u00f4nio Przywitowski Toporowicz, 58 anos (\u00f3bito no local) e Miguel Kuczera, 72 anos (resgatado com vida, por\u00e9m n\u00e3o resistiu aos ferimentos). As esposas de ambos foram levadas a hospitais. Ant\u00f4nio, tamb\u00e9m conhecido como \u201cTaquara\u201d, estava retornando de um tratamento m\u00e9dico.<\/p>\n\n\n\n<figure class=\"wp-block-image size-full\"><img loading=\"lazy\" decoding=\"async\" width=\"1024\" height=\"538\" src=\"https:\/\/radiostudiow.com.br\/site\/wp-content\/uploads\/2023\/12\/image-104.png\" alt=\"\" class=\"wp-image-18320\" srcset=\"https:\/\/radiostudiow.com.br\/site\/wp-content\/uploads\/2023\/12\/image-104.png 1024w, https:\/\/radiostudiow.com.br\/site\/wp-content\/uploads\/2023\/12\/image-104-300x158.png 300w, https:\/\/radiostudiow.com.br\/site\/wp-content\/uploads\/2023\/12\/image-104-768x404.png 768w\" sizes=\"auto, (max-width: 1024px) 100vw, 1024px\" \/><\/figure>\n\n\n\n<p><\/p>\n\n\n\n<p>De acordo com informa\u00e7\u00f5es de populares, o caminh\u00e3o que acabou provocando o acidente n\u00e3o ficou no local. J\u00e1 o caminh\u00e3o-tanque, com o impacto da caminhonete, acabou derramando grande parte do diesel que transportava.<\/p>\n\n\n\n<p>Os primeiros atendimentos \u00e0s v\u00edtimas foram prestados por motoristas que passavam pelo local, como o lapeano Cristiano Cabral que relatou ter feito o poss\u00edvel para ajudar at\u00e9 a chegada dos bombeiros e de equipe do SAMU que trabalharam na retirada de v\u00edtima encarcerada. O helic\u00f3ptero do Batalh\u00e3o de Pol\u00edcia Militar de Opera\u00e7\u00f5es A\u00e9reas (BPMOA), foi acionado para remo\u00e7\u00e3o do homem ferido ao Hospital Cajuru, enquanto as mulheres foram socorridas com ambul\u00e2ncias.<\/p>\n\n\n\n<figure class=\"wp-block-image size-full\"><img decoding=\"async\" src=\"https:\/\/radiostudiow.com.br\/site\/wp-content\/uploads\/2023\/10\/SITE-GRANDE5.png\" alt=\"\" class=\"wp-image-16372\"\/><\/figure>\n\n\n\n<p><em>Da Reda\u00e7\u00e3o Portal RDX com colabora\u00e7\u00e3o Canal da Cidade \u2013 Lapa<\/em><\/p>\n","protected":false},"excerpt":{"rendered":"<p>Na tarde de quinta-feira (28), uma caminhonete que trafegava no sentido S\u00e3o Mateus do Sul colidiu na traseira de um caminh\u00e3o-tanque no Km 232 da BR 476, em frente ao Restaurante Bezerr\u00e3o, na localidade do Mato Preto. O caminh\u00e3o teria acionado os freios ao avistar outro acessando a BR e a caminhonete n\u00e3o conseguiu frear [&hellip;]<\/p>\n","protected":false},"author":2,"featured_media":18321,"comment_status":"open","ping_status":"open","sticky":false,"template":"","format":"standard","meta":{"footnotes":""},"categories":[185],"tags":[172],"class_list":["post-18319","post","type-post","status-publish","format-standard","has-post-thumbnail","hentry","category-regional","tag-featured"],"amp_enabled":true,"_links":{"self":[{"href":"https:\/\/radiostudiow.com.br\/site\/wp-json\/wp\/v2\/posts\/18319","targetHints":{"allow":["GET"]}}],"collection":[{"href":"https:\/\/radiostudiow.com.br\/site\/wp-json\/wp\/v2\/posts"}],"about":[{"href":"https:\/\/radiostudiow.com.br\/site\/wp-json\/wp\/v2\/types\/post"}],"author":[{"embeddable":true,"href":"https:\/\/radiostudiow.com.br\/site\/wp-json\/wp\/v2\/users\/2"}],"replies":[{"embeddable":true,"href":"https:\/\/radiostudiow.com.br\/site\/wp-json\/wp\/v2\/comments?post=18319"}],"version-history":[{"count":1,"href":"https:\/\/radiostudiow.com.br\/site\/wp-json\/wp\/v2\/posts\/18319\/revisions"}],"predecessor-version":[{"id":18322,"href":"https:\/\/radiostudiow.com.br\/site\/wp-json\/wp\/v2\/posts\/18319\/revisions\/18322"}],"wp:featuredmedia":[{"embeddable":true,"href":"https:\/\/radiostudiow.com.br\/site\/wp-json\/wp\/v2\/media\/18321"}],"wp:attachment":[{"href":"https:\/\/radiostudiow.com.br\/site\/wp-json\/wp\/v2\/media?parent=18319"}],"wp:term":[{"taxonomy":"category","embeddable":true,"href":"https:\/\/radiostudiow.com.br\/site\/wp-json\/wp\/v2\/categories?post=18319"},{"taxonomy":"post_tag","embeddable":true,"href":"https:\/\/radiostudiow.com.br\/site\/wp-json\/wp\/v2\/tags?post=18319"}],"curies":[{"name":"wp","href":"https:\/\/api.w.org\/{rel}","templated":true}]}}