{"id":18329,"date":"2023-12-29T20:48:04","date_gmt":"2023-12-29T23:48:04","guid":{"rendered":"https:\/\/radiostudiow.com.br\/site\/?p=18329"},"modified":"2025-01-31T15:02:23","modified_gmt":"2025-01-31T18:02:23","slug":"funcionaria-e-detida-apos-ser-flagrada-furtando-produtos-de-supermercado-em-uniao-da-vitoria","status":"publish","type":"post","link":"https:\/\/radiostudiow.com.br\/site\/2023\/12\/29\/funcionaria-e-detida-apos-ser-flagrada-furtando-produtos-de-supermercado-em-uniao-da-vitoria\/","title":{"rendered":"FUNCION\u00c1RIA \u00c9 DETIDA AP\u00d3S SER FLAGRADA FURTANDO PRODUTOS DE SUPERMERCADO EM UNI\u00c3O DA VIT\u00d3RIA"},"content":{"rendered":"\n<p>A equipe da Pol\u00edcia Militar de Uni\u00e3o da Vit\u00f3ria foi acionada para uma ocorr\u00eancia de furto ocorrido em um supermercado da \u00e1rea central da cidade durante a manh\u00e3 dessa quinta-feira (28).<\/p>\n\n\n\n<figure class=\"wp-block-image size-full\"><img loading=\"lazy\" decoding=\"async\" width=\"598\" height=\"204\" src=\"https:\/\/radiostudiow.com.br\/site\/wp-content\/uploads\/2023\/12\/SITE-MEDIO4.png\" alt=\"\" class=\"wp-image-17598\" srcset=\"https:\/\/radiostudiow.com.br\/site\/wp-content\/uploads\/2023\/12\/SITE-MEDIO4.png 598w, https:\/\/radiostudiow.com.br\/site\/wp-content\/uploads\/2023\/12\/SITE-MEDIO4-300x102.png 300w\" sizes=\"auto, (max-width: 598px) 100vw, 598px\" \/><\/figure>\n\n\n\n<p>De acordo com informa\u00e7\u00f5es, uma funcion\u00e1rio do estabelecimento foi flagrada furtando dois produtos, os quais teria escondido dentro de sua bolsa e na sequ\u00eancia tentado sair sem fazer o pagamento.<\/p>\n\n\n\n<p>A Pol\u00edcia Militar abordou a autora que negou ter cometido o crime e alegou que n\u00e3o sabia que os produtos estavam na bolsa. Ela recebeu voz de pris\u00e3o e foi conduzido at\u00e9 a delegacia para as devidas provid\u00eancias.<\/p>\n\n\n\n<figure class=\"wp-block-image size-full\"><img decoding=\"async\" src=\"https:\/\/radiostudiow.com.br\/site\/wp-content\/uploads\/2023\/10\/SITE-GRANDE5.png\" alt=\"\" class=\"wp-image-16372\"\/><\/figure>\n","protected":false},"excerpt":{"rendered":"<p>A equipe da Pol\u00edcia Militar de Uni\u00e3o da Vit\u00f3ria foi acionada para uma ocorr\u00eancia de furto ocorrido em um supermercado da \u00e1rea central da cidade durante a manh\u00e3 dessa quinta-feira (28). De acordo com informa\u00e7\u00f5es, uma funcion\u00e1rio do estabelecimento foi flagrada furtando dois produtos, os quais teria escondido dentro de sua bolsa e na sequ\u00eancia [&hellip;]<\/p>\n","protected":false},"author":2,"featured_media":14208,"comment_status":"open","ping_status":"open","sticky":false,"template":"","format":"standard","meta":{"footnotes":""},"categories":[2],"tags":[172],"class_list":["post-18329","post","type-post","status-publish","format-standard","has-post-thumbnail","hentry","category-policial","tag-featured"],"amp_enabled":true,"_links":{"self":[{"href":"https:\/\/radiostudiow.com.br\/site\/wp-json\/wp\/v2\/posts\/18329","targetHints":{"allow":["GET"]}}],"collection":[{"href":"https:\/\/radiostudiow.com.br\/site\/wp-json\/wp\/v2\/posts"}],"about":[{"href":"https:\/\/radiostudiow.com.br\/site\/wp-json\/wp\/v2\/types\/post"}],"author":[{"embeddable":true,"href":"https:\/\/radiostudiow.com.br\/site\/wp-json\/wp\/v2\/users\/2"}],"replies":[{"embeddable":true,"href":"https:\/\/radiostudiow.com.br\/site\/wp-json\/wp\/v2\/comments?post=18329"}],"version-history":[{"count":1,"href":"https:\/\/radiostudiow.com.br\/site\/wp-json\/wp\/v2\/posts\/18329\/revisions"}],"predecessor-version":[{"id":18330,"href":"https:\/\/radiostudiow.com.br\/site\/wp-json\/wp\/v2\/posts\/18329\/revisions\/18330"}],"wp:featuredmedia":[{"embeddable":true,"href":"https:\/\/radiostudiow.com.br\/site\/wp-json\/wp\/v2\/media\/14208"}],"wp:attachment":[{"href":"https:\/\/radiostudiow.com.br\/site\/wp-json\/wp\/v2\/media?parent=18329"}],"wp:term":[{"taxonomy":"category","embeddable":true,"href":"https:\/\/radiostudiow.com.br\/site\/wp-json\/wp\/v2\/categories?post=18329"},{"taxonomy":"post_tag","embeddable":true,"href":"https:\/\/radiostudiow.com.br\/site\/wp-json\/wp\/v2\/tags?post=18329"}],"curies":[{"name":"wp","href":"https:\/\/api.w.org\/{rel}","templated":true}]}}