{"id":18350,"date":"2024-01-02T10:05:35","date_gmt":"2024-01-02T13:05:35","guid":{"rendered":"https:\/\/radiostudiow.com.br\/site\/?p=18350"},"modified":"2025-01-31T15:02:23","modified_gmt":"2025-01-31T18:02:23","slug":"duas-mulheres-procuram-pm-de-mallet-apos-se-agredirem","status":"publish","type":"post","link":"https:\/\/radiostudiow.com.br\/site\/2024\/01\/02\/duas-mulheres-procuram-pm-de-mallet-apos-se-agredirem\/","title":{"rendered":"DUAS MULHERES PROCURAM PM DE MALLET AP\u00d3S SE AGREDIREM"},"content":{"rendered":"\n<p>Uma mulher compareceu ao Pelot\u00e3o da Pol\u00edcia Militar de Mallet nesse domingo, 31 de Dezembro, para relatar uma les\u00e3o corporal.<\/p>\n\n\n\n<p>A solicitante passou a relatar que estava na resid\u00eancia da sua sogra, onde convive com seu esposo e teve um desentendimento com a sua cunhada, a qual lhe agrediu fisicamente com um tapa na face. <\/p>\n\n\n\n<figure class=\"wp-block-image size-full\"><img loading=\"lazy\" decoding=\"async\" width=\"897\" height=\"204\" src=\"https:\/\/radiostudiow.com.br\/site\/wp-content\/uploads\/2023\/10\/SITE-GRANDE3.png\" alt=\"\" class=\"wp-image-16341\" srcset=\"https:\/\/radiostudiow.com.br\/site\/wp-content\/uploads\/2023\/10\/SITE-GRANDE3.png 897w, https:\/\/radiostudiow.com.br\/site\/wp-content\/uploads\/2023\/10\/SITE-GRANDE3-300x68.png 300w, https:\/\/radiostudiow.com.br\/site\/wp-content\/uploads\/2023\/10\/SITE-GRANDE3-768x175.png 768w\" sizes=\"auto, (max-width: 897px) 100vw, 897px\" \/><\/figure>\n\n\n\n<p>Segunda a v\u00edtima, a agress\u00e3o foi motivada por uma rixa antiga. Diante dos fatos, a mulher foi orientada quanto aos demais procedimentos cab\u00edveis.<\/p>\n\n\n\n<p>Ap\u00f3s a solicitante ter ido embora, compareceu ao Pelot\u00e3o da PM a outra parte, a qual passou a relatar a sua vers\u00e3o dos fatos, disse que foi a solicitante quem lhe atacou e iniciaram vias de fato. Onde o esposo com o intuito de separar a briga segurou ambas.<\/p>\n\n\n\n<p>A mulher tamb\u00e9m foi orientada pelos policiais quanto aos procedimentos pertinentes.<\/p>\n\n\n\n<figure class=\"wp-block-image size-full\"><img decoding=\"async\" src=\"https:\/\/radiostudiow.com.br\/site\/wp-content\/uploads\/2023\/10\/SITE-GRANDE5.png\" alt=\"\" class=\"wp-image-16372\"\/><\/figure>\n","protected":false},"excerpt":{"rendered":"<p>Uma mulher compareceu ao Pelot\u00e3o da Pol\u00edcia Militar de Mallet nesse domingo, 31 de Dezembro, para relatar uma les\u00e3o corporal. A solicitante passou a relatar que estava na resid\u00eancia da sua sogra, onde convive com seu esposo e teve um desentendimento com a sua cunhada, a qual lhe agrediu fisicamente com um tapa na face. [&hellip;]<\/p>\n","protected":false},"author":2,"featured_media":10642,"comment_status":"open","ping_status":"open","sticky":false,"template":"","format":"standard","meta":{"footnotes":""},"categories":[2],"tags":[172],"class_list":["post-18350","post","type-post","status-publish","format-standard","has-post-thumbnail","hentry","category-policial","tag-featured"],"amp_enabled":true,"_links":{"self":[{"href":"https:\/\/radiostudiow.com.br\/site\/wp-json\/wp\/v2\/posts\/18350","targetHints":{"allow":["GET"]}}],"collection":[{"href":"https:\/\/radiostudiow.com.br\/site\/wp-json\/wp\/v2\/posts"}],"about":[{"href":"https:\/\/radiostudiow.com.br\/site\/wp-json\/wp\/v2\/types\/post"}],"author":[{"embeddable":true,"href":"https:\/\/radiostudiow.com.br\/site\/wp-json\/wp\/v2\/users\/2"}],"replies":[{"embeddable":true,"href":"https:\/\/radiostudiow.com.br\/site\/wp-json\/wp\/v2\/comments?post=18350"}],"version-history":[{"count":2,"href":"https:\/\/radiostudiow.com.br\/site\/wp-json\/wp\/v2\/posts\/18350\/revisions"}],"predecessor-version":[{"id":18356,"href":"https:\/\/radiostudiow.com.br\/site\/wp-json\/wp\/v2\/posts\/18350\/revisions\/18356"}],"wp:featuredmedia":[{"embeddable":true,"href":"https:\/\/radiostudiow.com.br\/site\/wp-json\/wp\/v2\/media\/10642"}],"wp:attachment":[{"href":"https:\/\/radiostudiow.com.br\/site\/wp-json\/wp\/v2\/media?parent=18350"}],"wp:term":[{"taxonomy":"category","embeddable":true,"href":"https:\/\/radiostudiow.com.br\/site\/wp-json\/wp\/v2\/categories?post=18350"},{"taxonomy":"post_tag","embeddable":true,"href":"https:\/\/radiostudiow.com.br\/site\/wp-json\/wp\/v2\/tags?post=18350"}],"curies":[{"name":"wp","href":"https:\/\/api.w.org\/{rel}","templated":true}]}}