{"id":18354,"date":"2024-01-02T11:13:56","date_gmt":"2024-01-02T14:13:56","guid":{"rendered":"https:\/\/radiostudiow.com.br\/site\/?p=18354"},"modified":"2025-01-31T15:02:23","modified_gmt":"2025-01-31T18:02:23","slug":"moradora-de-general-carneiro-e-vitima-de-estelionato-2","status":"publish","type":"post","link":"https:\/\/radiostudiow.com.br\/site\/2024\/01\/02\/moradora-de-general-carneiro-e-vitima-de-estelionato-2\/","title":{"rendered":"MORADORA DE GENERAL CARNEIRO \u00c9 V\u00cdTIMA DE ESTELIONATO"},"content":{"rendered":"\n<p>Uma senhora, moradora da localidade de S\u00e3o Miguel, compareceu ao Pelot\u00e3o da Pol\u00edcia Militar de General Carneiro ap\u00f3s ser v\u00edtima de estelionato. A situa\u00e7\u00e3o foi registrada por volta das 11:00 horas desse s\u00e1bado (30).<\/p>\n\n\n\n<figure class=\"wp-block-image size-full\"><img loading=\"lazy\" decoding=\"async\" width=\"598\" height=\"204\" src=\"https:\/\/radiostudiow.com.br\/site\/wp-content\/uploads\/2023\/10\/SITE-MEDIO.png\" alt=\"\" class=\"wp-image-16319\" srcset=\"https:\/\/radiostudiow.com.br\/site\/wp-content\/uploads\/2023\/10\/SITE-MEDIO.png 598w, https:\/\/radiostudiow.com.br\/site\/wp-content\/uploads\/2023\/10\/SITE-MEDIO-300x102.png 300w\" sizes=\"auto, (max-width: 598px) 100vw, 598px\" \/><\/figure>\n\n\n\n<p>A v\u00edtima passou a relatar que na data do dia 29 de dezembro, seu whatsapp havia sido supostamente clonado, e teve conhecimento de que estariam se passando por ela, solicitando dinheiro via PIX atrav\u00e9s de link externo, sendo que sua irm\u00e3 depositou o valor de R$300,00 (Trezentos reais), via link PIX.<\/p>\n\n\n\n<p>Diante da situa\u00e7\u00e3o a solicitante foi orientada quanto aos procedimentos cab\u00edveis.<\/p>\n\n\n\n<figure class=\"wp-block-image size-full\"><img decoding=\"async\" src=\"https:\/\/radiostudiow.com.br\/site\/wp-content\/uploads\/2023\/10\/SITE-GRANDE5.png\" alt=\"\" class=\"wp-image-16372\"\/><\/figure>\n","protected":false},"excerpt":{"rendered":"<p>Uma senhora, moradora da localidade de S\u00e3o Miguel, compareceu ao Pelot\u00e3o da Pol\u00edcia Militar de General Carneiro ap\u00f3s ser v\u00edtima de estelionato. A situa\u00e7\u00e3o foi registrada por volta das 11:00 horas desse s\u00e1bado (30). A v\u00edtima passou a relatar que na data do dia 29 de dezembro, seu whatsapp havia sido supostamente clonado, e teve [&hellip;]<\/p>\n","protected":false},"author":2,"featured_media":13898,"comment_status":"open","ping_status":"open","sticky":false,"template":"","format":"standard","meta":{"footnotes":""},"categories":[2],"tags":[172],"class_list":["post-18354","post","type-post","status-publish","format-standard","has-post-thumbnail","hentry","category-policial","tag-featured"],"amp_enabled":true,"_links":{"self":[{"href":"https:\/\/radiostudiow.com.br\/site\/wp-json\/wp\/v2\/posts\/18354","targetHints":{"allow":["GET"]}}],"collection":[{"href":"https:\/\/radiostudiow.com.br\/site\/wp-json\/wp\/v2\/posts"}],"about":[{"href":"https:\/\/radiostudiow.com.br\/site\/wp-json\/wp\/v2\/types\/post"}],"author":[{"embeddable":true,"href":"https:\/\/radiostudiow.com.br\/site\/wp-json\/wp\/v2\/users\/2"}],"replies":[{"embeddable":true,"href":"https:\/\/radiostudiow.com.br\/site\/wp-json\/wp\/v2\/comments?post=18354"}],"version-history":[{"count":4,"href":"https:\/\/radiostudiow.com.br\/site\/wp-json\/wp\/v2\/posts\/18354\/revisions"}],"predecessor-version":[{"id":18370,"href":"https:\/\/radiostudiow.com.br\/site\/wp-json\/wp\/v2\/posts\/18354\/revisions\/18370"}],"wp:featuredmedia":[{"embeddable":true,"href":"https:\/\/radiostudiow.com.br\/site\/wp-json\/wp\/v2\/media\/13898"}],"wp:attachment":[{"href":"https:\/\/radiostudiow.com.br\/site\/wp-json\/wp\/v2\/media?parent=18354"}],"wp:term":[{"taxonomy":"category","embeddable":true,"href":"https:\/\/radiostudiow.com.br\/site\/wp-json\/wp\/v2\/categories?post=18354"},{"taxonomy":"post_tag","embeddable":true,"href":"https:\/\/radiostudiow.com.br\/site\/wp-json\/wp\/v2\/tags?post=18354"}],"curies":[{"name":"wp","href":"https:\/\/api.w.org\/{rel}","templated":true}]}}