{"id":18360,"date":"2024-01-02T10:28:19","date_gmt":"2024-01-02T13:28:19","guid":{"rendered":"https:\/\/radiostudiow.com.br\/site\/?p=18360"},"modified":"2025-01-31T15:02:23","modified_gmt":"2025-01-31T18:02:23","slug":"morre-homem-que-estava-internado-a-um-mes-apos-cair-de-arvore-em-rio-no-interior-de-porto-uniao","status":"publish","type":"post","link":"https:\/\/radiostudiow.com.br\/site\/2024\/01\/02\/morre-homem-que-estava-internado-a-um-mes-apos-cair-de-arvore-em-rio-no-interior-de-porto-uniao\/","title":{"rendered":"MORRE HOMEM QUE ESTAVA INTERNADO A UM M\u00caS AP\u00d3S CAIR DE \u00c1RVORE EM RIO NO INTERIOR DE PORTO UNI\u00c3O"},"content":{"rendered":"\n<p>Robson Domingues da Silva, de 29 anos de idade, que caiu de uma \u00e1rvore, ao tentar pular nas aguas do rio, na regi\u00e3o da estrada geral do Legru, em Porto Uni\u00e3o no in\u00edcio do m\u00eas de dezembro passado, n\u00e3o resistiu e morreu.<\/p>\n\n\n\n<figure class=\"wp-block-image size-full\"><img loading=\"lazy\" decoding=\"async\" width=\"598\" height=\"204\" src=\"https:\/\/radiostudiow.com.br\/site\/wp-content\/uploads\/2023\/12\/SITE-MEDIO4.png\" alt=\"\" class=\"wp-image-17598\" srcset=\"https:\/\/radiostudiow.com.br\/site\/wp-content\/uploads\/2023\/12\/SITE-MEDIO4.png 598w, https:\/\/radiostudiow.com.br\/site\/wp-content\/uploads\/2023\/12\/SITE-MEDIO4-300x102.png 300w\" sizes=\"auto, (max-width: 598px) 100vw, 598px\" \/><\/figure>\n\n\n\n<p>Ele estava internado desde o dia 02 de dezembro, no hospital em Mafra, passou por procedimentos cir\u00fargicos, mas seu estado sempre foi considerado grave. Ap\u00f3s quase um m\u00eas de luta, ele n\u00e3o resistiu e faleceu nesta segunda-feira (01).<\/p>\n\n\n\n<p>Robson sofreu uma queda de uma altura de aproximadamente 7 metros, quando subia em uma \u00e1rvore para pular na \u00e1gua. Durante a queda, ele acabou se chocando nos rochedos com a cabe\u00e7a, vindo a ficar submerso.<\/p>\n\n\n\n<figure class=\"wp-block-image size-full\"><img decoding=\"async\" src=\"https:\/\/radiostudiow.com.br\/site\/wp-content\/uploads\/2023\/10\/SITE-GRANDE5.png\" alt=\"\" class=\"wp-image-16372\"\/><\/figure>\n\n\n\n<p>Ele foi retirado da \u00e1gua por pessoas que estavam no local, e socorrido pelos Bombeiros de Porto Uni\u00e3o. Seu corpo foi trazido para Uni\u00e3o da Vit\u00f3ria e velado na capela do cemit\u00e9rio Jardim da Saudade.<\/p>\n","protected":false},"excerpt":{"rendered":"<p>Robson Domingues da Silva, de 29 anos de idade, que caiu de uma \u00e1rvore, ao tentar pular nas aguas do rio, na regi\u00e3o da estrada geral do Legru, em Porto Uni\u00e3o no in\u00edcio do m\u00eas de dezembro passado, n\u00e3o resistiu e morreu. Ele estava internado desde o dia 02 de dezembro, no hospital em Mafra, [&hellip;]<\/p>\n","protected":false},"author":2,"featured_media":18361,"comment_status":"open","ping_status":"open","sticky":false,"template":"","format":"standard","meta":{"footnotes":""},"categories":[185],"tags":[172],"class_list":["post-18360","post","type-post","status-publish","format-standard","has-post-thumbnail","hentry","category-regional","tag-featured"],"amp_enabled":true,"_links":{"self":[{"href":"https:\/\/radiostudiow.com.br\/site\/wp-json\/wp\/v2\/posts\/18360","targetHints":{"allow":["GET"]}}],"collection":[{"href":"https:\/\/radiostudiow.com.br\/site\/wp-json\/wp\/v2\/posts"}],"about":[{"href":"https:\/\/radiostudiow.com.br\/site\/wp-json\/wp\/v2\/types\/post"}],"author":[{"embeddable":true,"href":"https:\/\/radiostudiow.com.br\/site\/wp-json\/wp\/v2\/users\/2"}],"replies":[{"embeddable":true,"href":"https:\/\/radiostudiow.com.br\/site\/wp-json\/wp\/v2\/comments?post=18360"}],"version-history":[{"count":2,"href":"https:\/\/radiostudiow.com.br\/site\/wp-json\/wp\/v2\/posts\/18360\/revisions"}],"predecessor-version":[{"id":18363,"href":"https:\/\/radiostudiow.com.br\/site\/wp-json\/wp\/v2\/posts\/18360\/revisions\/18363"}],"wp:featuredmedia":[{"embeddable":true,"href":"https:\/\/radiostudiow.com.br\/site\/wp-json\/wp\/v2\/media\/18361"}],"wp:attachment":[{"href":"https:\/\/radiostudiow.com.br\/site\/wp-json\/wp\/v2\/media?parent=18360"}],"wp:term":[{"taxonomy":"category","embeddable":true,"href":"https:\/\/radiostudiow.com.br\/site\/wp-json\/wp\/v2\/categories?post=18360"},{"taxonomy":"post_tag","embeddable":true,"href":"https:\/\/radiostudiow.com.br\/site\/wp-json\/wp\/v2\/tags?post=18360"}],"curies":[{"name":"wp","href":"https:\/\/api.w.org\/{rel}","templated":true}]}}