{"id":18372,"date":"2024-01-02T15:55:13","date_gmt":"2024-01-02T18:55:13","guid":{"rendered":"https:\/\/radiostudiow.com.br\/site\/?p=18372"},"modified":"2025-01-31T15:02:23","modified_gmt":"2025-01-31T18:02:23","slug":"senhor-e-ameacado-pelo-filho-com-facao-em-mallet","status":"publish","type":"post","link":"https:\/\/radiostudiow.com.br\/site\/2024\/01\/02\/senhor-e-ameacado-pelo-filho-com-facao-em-mallet\/","title":{"rendered":"SENHOR \u00c9 AMEA\u00c7ADO PELO FILHO COM FAC\u00c3O EM MALLET"},"content":{"rendered":"\n<p>Um caso de amea\u00e7a foi registrado por volta das 22:00 horas dessa segunda-feira, 01\u00ba de Janeiro de 2024, na localidade do Charqueada.<\/p>\n\n\n\n<figure class=\"wp-block-image size-full\"><img decoding=\"async\" src=\"https:\/\/radiostudiow.com.br\/site\/wp-content\/uploads\/2023\/10\/SITE-GRANDE5.png\" alt=\"\" class=\"wp-image-16372\"\/><\/figure>\n\n\n\n<p>Os policiais se deslocaram at\u00e9 o local e entraram em contato com o solicitante, o qual passou a relatar que seu filho chegou na resid\u00eancia em estado de embriaguez por volta das 18:00 horas fazendo amea\u00e7as com um fac\u00e3o, impedindo o mesmo de entrar na sua pr\u00f3pria resid\u00eancia.<\/p>\n\n\n\n<p>O solicitante com medo das amea\u00e7as do filho, saiu do local, e ao retornar aproximadamente as 22:00 horas o autor j\u00e1 estava dormindo.<\/p>\n\n\n\n<figure class=\"wp-block-image size-full\"><img loading=\"lazy\" decoding=\"async\" width=\"598\" height=\"204\" src=\"https:\/\/radiostudiow.com.br\/site\/wp-content\/uploads\/2023\/10\/SITE-MEDIO.png\" alt=\"\" class=\"wp-image-16319\" srcset=\"https:\/\/radiostudiow.com.br\/site\/wp-content\/uploads\/2023\/10\/SITE-MEDIO.png 598w, https:\/\/radiostudiow.com.br\/site\/wp-content\/uploads\/2023\/10\/SITE-MEDIO-300x102.png 300w\" sizes=\"auto, (max-width: 598px) 100vw, 598px\" \/><\/figure>\n\n\n\n<p>Diante dos fatos a v\u00edtima pediu para registrar o Boletim de Ocorr\u00eancia, pois se trata de uma situa\u00e7\u00e3o corriqueira. A equipe policial realizou as devidas orienta\u00e7\u00f5es sobre os procedimentos junto a Pol\u00edcia Judici\u00e1ria e orientou a v\u00edtima quanto aos procedimentos cab\u00edveis.<\/p>\n","protected":false},"excerpt":{"rendered":"<p>Um caso de amea\u00e7a foi registrado por volta das 22:00 horas dessa segunda-feira, 01\u00ba de Janeiro de 2024, na localidade do Charqueada. Os policiais se deslocaram at\u00e9 o local e entraram em contato com o solicitante, o qual passou a relatar que seu filho chegou na resid\u00eancia em estado de embriaguez por volta das 18:00 [&hellip;]<\/p>\n","protected":false},"author":2,"featured_media":8050,"comment_status":"open","ping_status":"open","sticky":false,"template":"","format":"standard","meta":{"footnotes":""},"categories":[2],"tags":[172],"class_list":["post-18372","post","type-post","status-publish","format-standard","has-post-thumbnail","hentry","category-policial","tag-featured"],"amp_enabled":true,"_links":{"self":[{"href":"https:\/\/radiostudiow.com.br\/site\/wp-json\/wp\/v2\/posts\/18372","targetHints":{"allow":["GET"]}}],"collection":[{"href":"https:\/\/radiostudiow.com.br\/site\/wp-json\/wp\/v2\/posts"}],"about":[{"href":"https:\/\/radiostudiow.com.br\/site\/wp-json\/wp\/v2\/types\/post"}],"author":[{"embeddable":true,"href":"https:\/\/radiostudiow.com.br\/site\/wp-json\/wp\/v2\/users\/2"}],"replies":[{"embeddable":true,"href":"https:\/\/radiostudiow.com.br\/site\/wp-json\/wp\/v2\/comments?post=18372"}],"version-history":[{"count":6,"href":"https:\/\/radiostudiow.com.br\/site\/wp-json\/wp\/v2\/posts\/18372\/revisions"}],"predecessor-version":[{"id":18402,"href":"https:\/\/radiostudiow.com.br\/site\/wp-json\/wp\/v2\/posts\/18372\/revisions\/18402"}],"wp:featuredmedia":[{"embeddable":true,"href":"https:\/\/radiostudiow.com.br\/site\/wp-json\/wp\/v2\/media\/8050"}],"wp:attachment":[{"href":"https:\/\/radiostudiow.com.br\/site\/wp-json\/wp\/v2\/media?parent=18372"}],"wp:term":[{"taxonomy":"category","embeddable":true,"href":"https:\/\/radiostudiow.com.br\/site\/wp-json\/wp\/v2\/categories?post=18372"},{"taxonomy":"post_tag","embeddable":true,"href":"https:\/\/radiostudiow.com.br\/site\/wp-json\/wp\/v2\/tags?post=18372"}],"curies":[{"name":"wp","href":"https:\/\/api.w.org\/{rel}","templated":true}]}}