{"id":18377,"date":"2024-01-02T16:28:28","date_gmt":"2024-01-02T19:28:28","guid":{"rendered":"https:\/\/radiostudiow.com.br\/site\/?p=18377"},"modified":"2025-01-31T15:02:23","modified_gmt":"2025-01-31T18:02:23","slug":"mulher-procura-pm-de-paula-freitas-apos-ser-vitima-de-injuria","status":"publish","type":"post","link":"https:\/\/radiostudiow.com.br\/site\/2024\/01\/02\/mulher-procura-pm-de-paula-freitas-apos-ser-vitima-de-injuria\/","title":{"rendered":"MULHER PROCURA PM DE PAULA FREITAS AP\u00d3S SER V\u00cdTIMA DE INJURIA"},"content":{"rendered":"\n<figure class=\"wp-block-image size-full\"><img loading=\"lazy\" decoding=\"async\" width=\"300\" height=\"180\" src=\"https:\/\/radiostudiow.com.br\/site\/wp-content\/uploads\/2023\/10\/SITE-PEQUENO.png\" alt=\"\" class=\"wp-image-16508\"\/><\/figure>\n\n\n\n<p>Uma mulher acionou a equipe da Pol\u00edcia Militar de Paula Freitas ap\u00f3s ser v\u00edtima de injuria pelo ex-convivente por volta das 19:00 horas dessa segunda-feira (01\u00ba de janeiro).<\/p>\n\n\n\n<p>De acordo com a v\u00edtima, seu ex-convivente esta injuriando com palavras de baixo cal\u00e3o. Os policiais orientaram a mulher quanto aos procedimentos de representa\u00e7\u00e3o junto a Delegacia da Mulher.<\/p>\n\n\n\n<figure class=\"wp-block-image size-full\"><img decoding=\"async\" src=\"https:\/\/radiostudiow.com.br\/site\/wp-content\/uploads\/2023\/10\/SITE-GRANDE5.png\" alt=\"\" class=\"wp-image-16372\"\/><\/figure>\n","protected":false},"excerpt":{"rendered":"<p>Uma mulher acionou a equipe da Pol\u00edcia Militar de Paula Freitas ap\u00f3s ser v\u00edtima de injuria pelo ex-convivente por volta das 19:00 horas dessa segunda-feira (01\u00ba de janeiro). De acordo com a v\u00edtima, seu ex-convivente esta injuriando com palavras de baixo cal\u00e3o. Os policiais orientaram a mulher quanto aos procedimentos de representa\u00e7\u00e3o junto a Delegacia [&hellip;]<\/p>\n","protected":false},"author":2,"featured_media":15416,"comment_status":"open","ping_status":"open","sticky":false,"template":"","format":"standard","meta":{"footnotes":""},"categories":[2],"tags":[172],"class_list":["post-18377","post","type-post","status-publish","format-standard","has-post-thumbnail","hentry","category-policial","tag-featured"],"amp_enabled":true,"_links":{"self":[{"href":"https:\/\/radiostudiow.com.br\/site\/wp-json\/wp\/v2\/posts\/18377","targetHints":{"allow":["GET"]}}],"collection":[{"href":"https:\/\/radiostudiow.com.br\/site\/wp-json\/wp\/v2\/posts"}],"about":[{"href":"https:\/\/radiostudiow.com.br\/site\/wp-json\/wp\/v2\/types\/post"}],"author":[{"embeddable":true,"href":"https:\/\/radiostudiow.com.br\/site\/wp-json\/wp\/v2\/users\/2"}],"replies":[{"embeddable":true,"href":"https:\/\/radiostudiow.com.br\/site\/wp-json\/wp\/v2\/comments?post=18377"}],"version-history":[{"count":3,"href":"https:\/\/radiostudiow.com.br\/site\/wp-json\/wp\/v2\/posts\/18377\/revisions"}],"predecessor-version":[{"id":18403,"href":"https:\/\/radiostudiow.com.br\/site\/wp-json\/wp\/v2\/posts\/18377\/revisions\/18403"}],"wp:featuredmedia":[{"embeddable":true,"href":"https:\/\/radiostudiow.com.br\/site\/wp-json\/wp\/v2\/media\/15416"}],"wp:attachment":[{"href":"https:\/\/radiostudiow.com.br\/site\/wp-json\/wp\/v2\/media?parent=18377"}],"wp:term":[{"taxonomy":"category","embeddable":true,"href":"https:\/\/radiostudiow.com.br\/site\/wp-json\/wp\/v2\/categories?post=18377"},{"taxonomy":"post_tag","embeddable":true,"href":"https:\/\/radiostudiow.com.br\/site\/wp-json\/wp\/v2\/tags?post=18377"}],"curies":[{"name":"wp","href":"https:\/\/api.w.org\/{rel}","templated":true}]}}