{"id":18418,"date":"2024-01-02T18:34:13","date_gmt":"2024-01-02T21:34:13","guid":{"rendered":"https:\/\/radiostudiow.com.br\/site\/?p=18418"},"modified":"2025-01-31T15:02:22","modified_gmt":"2025-01-31T18:02:22","slug":"fgts-em-2024-saque-aniversario-ja-esta-disponivel","status":"publish","type":"post","link":"https:\/\/radiostudiow.com.br\/site\/2024\/01\/02\/fgts-em-2024-saque-aniversario-ja-esta-disponivel\/","title":{"rendered":"FGTS EM 2024! SAQUE-ANIVERS\u00c1RIO J\u00c1 EST\u00c1 DISPON\u00cdVEL"},"content":{"rendered":"\n<p><strong><em>Os trabalhadores que optarem pelo saque-anivers\u00e1rio do Fundo de Garantia do Tempo de Servi\u00e7o (FGTS) aos poucos come\u00e7am a ter acesso \u00e0 cota de 2024. As retiradas ocorrem conforme o m\u00eas de anivers\u00e1rio do trabalhador. Os cotistas nascidos em janeiro podem fazer o saque a partir desta ter\u00e7a-feira (02).<\/em><\/strong><\/p>\n\n\n\n<figure class=\"wp-block-image size-full\"><img loading=\"lazy\" decoding=\"async\" width=\"897\" height=\"204\" src=\"https:\/\/radiostudiow.com.br\/site\/wp-content\/uploads\/2023\/10\/SITE-GRANDE3.png\" alt=\"\" class=\"wp-image-16341\" srcset=\"https:\/\/radiostudiow.com.br\/site\/wp-content\/uploads\/2023\/10\/SITE-GRANDE3.png 897w, https:\/\/radiostudiow.com.br\/site\/wp-content\/uploads\/2023\/10\/SITE-GRANDE3-300x68.png 300w, https:\/\/radiostudiow.com.br\/site\/wp-content\/uploads\/2023\/10\/SITE-GRANDE3-768x175.png 768w\" sizes=\"auto, (max-width: 897px) 100vw, 897px\" \/><\/figure>\n\n\n\n<figure class=\"wp-block-image\"><img decoding=\"async\" src=\"https:\/\/agenciabrasil.ebc.com.br\/ebc.gif?id=1574831&amp;o=node\" alt=\"\"\/><\/figure>\n\n\n\n<p>Criada em 2019 e em vigor desde 2020, essa modalidade permite a retirada de parte do saldo de qualquer conta ativa ou inativa do fundo a cada ano, no m\u00eas de anivers\u00e1rio. Em troca, o trabalhador n\u00e3o poder\u00e1 sacar o valor depositado pela empresa em caso de demiss\u00e3o sem justa causa, apenas a multa rescis\u00f3ria.<\/p>\n\n\n\n<p>O governo pretende mudar essa regra e permitir o saque do saldo total da conta nas demiss\u00f5es sem justa causa, como ocorre com quem n\u00e3o aderiu ao saque-anivers\u00e1rio. Em dezembro, o ministro do Trabalho e Emprego, Luiz Marinho, afirmou que&nbsp;<a href=\"https:\/\/agenciabrasil.ebc.com.br\/economia\/noticia\/2023-12\/regulamentacao-do-trabalho-por-aplicativos-deve-sair-em-janeiro\" rel=\"noreferrer noopener\" target=\"_blank\"><strong>pretende enviar<\/strong><\/a>, at\u00e9 mar\u00e7o, o projeto de lei com as altera\u00e7\u00f5es.<\/p>\n\n\n\n<p>Segundo o balan\u00e7o mais recente da Caixa Econ\u00f4mica Federal, divulgado em setembro, cerca de 32,7 milh\u00f5es de pessoas aderiram ao saque-anivers\u00e1rio. Desse total, 16,9 milh\u00f5es contrataram financiamento usando esses recursos como garantia. At\u00e9 agosto, o total emprestado pelos bancos nessa modalidade somava R$ 111,4 bilh\u00f5es.<\/p>\n\n\n\n<figure class=\"wp-block-image size-full\"><img loading=\"lazy\" decoding=\"async\" width=\"598\" height=\"204\" src=\"https:\/\/radiostudiow.com.br\/site\/wp-content\/uploads\/2023\/12\/SITE-MEDIO4.png\" alt=\"\" class=\"wp-image-17598\" srcset=\"https:\/\/radiostudiow.com.br\/site\/wp-content\/uploads\/2023\/12\/SITE-MEDIO4.png 598w, https:\/\/radiostudiow.com.br\/site\/wp-content\/uploads\/2023\/12\/SITE-MEDIO4-300x102.png 300w\" sizes=\"auto, (max-width: 598px) 100vw, 598px\" \/><\/figure>\n\n\n\n<p>O per\u00edodo de saques come\u00e7a no primeiro dia \u00fatil do m\u00eas de anivers\u00e1rio do trabalhador. Os valores ficam dispon\u00edveis at\u00e9 o \u00faltimo dia \u00fatil do segundo m\u00eas subsequente. Caso o dinheiro n\u00e3o seja retirado no prazo, volta para as contas do FGTS em nome do trabalhador.<\/p>\n\n\n\n<h2 class=\"wp-block-heading\">Confira o calend\u00e1rio do saque-anivers\u00e1rio em 2024<\/h2>\n\n\n\n<figure class=\"wp-block-image size-full\"><img decoding=\"async\" src=\"https:\/\/radiostudiow.com.br\/site\/wp-content\/uploads\/2024\/01\/image-8.png\" alt=\"\" class=\"wp-image-18419\"\/><\/figure>\n\n\n\n<p><strong><em>Arte\/EBC<\/em><\/strong><\/p>\n\n\n\n<h2 class=\"wp-block-heading\">Ades\u00e3o<\/h2>\n\n\n\n<p>A ades\u00e3o a esse tipo de modalidade \u00e9 volunt\u00e1ria e pode ser feita por meio do aplicativo oficial do FGTS, dispon\u00edvel para&nbsp;<em>smartphones<\/em>&nbsp;e&nbsp;<em>tablets<\/em>&nbsp;dos sistemas Android e iOS. O processo tamb\u00e9m pode ser feito nas ag\u00eancias do banco. Se quiser receber o dinheiro no mesmo ano, o trabalhador dever\u00e1 optar pelo saque-anivers\u00e1rio at\u00e9 o \u00faltimo dia do m\u00eas de nascimento. Caso contr\u00e1rio, s\u00f3 receber\u00e1 a partir do ano seguinte.<\/p>\n\n\n\n<p>Ao retirar uma parcela do FGTS a cada ano, o trabalhador deixar\u00e1 de receber o valor depositado pela empresa caso seja demitido sem justa causa. O pagamento da multa de 40% nessas situa\u00e7\u00f5es est\u00e1 mantido. As demais possibilidades de saque do FGTS \u2013 como compra de im\u00f3veis, aposentadoria e doen\u00e7as graves \u2013 n\u00e3o s\u00e3o afetadas pelo saque-anivers\u00e1rio.<\/p>\n\n\n\n<figure class=\"wp-block-image size-full\"><img decoding=\"async\" src=\"https:\/\/radiostudiow.com.br\/site\/wp-content\/uploads\/2023\/10\/SITE-GRANDE5.png\" alt=\"\" class=\"wp-image-16372\"\/><\/figure>\n\n\n\n<h2 class=\"wp-block-heading\">Cuidados<\/h2>\n\n\n\n<p>A qualquer momento, o trabalhador pode desistir do saque-anivers\u00e1rio e voltar para a modalidade tradicional, que s\u00f3 permite a retirada em casos especiais, como demiss\u00e3o sem justa causa, aposentadoria, doen\u00e7a grave ou compra de im\u00f3veis.<\/p>\n\n\n\n<p>A decis\u00e3o, por\u00e9m, exige cuidado. Ao voltar para o saque tradicional, o trabalhador ficar\u00e1 dois anos sem poder sacar o saldo da conta no FGTS, mesmo em caso de demiss\u00e3o. Se for dispensado, receber\u00e1 apenas a multa de 40%.<\/p>\n\n\n\n<h2 class=\"wp-block-heading\">Como sacar<\/h2>\n\n\n\n<p>A Caixa orienta o resgate por meio do aplicativo FGTS. Nesse caso, o trabalhador pode programar a transfer\u00eancia do dinheiro para qualquer conta em seu nome, independentemente do banco. A opera\u00e7\u00e3o n\u00e3o tem custo.<\/p>\n\n\n\n<p>As retiradas podem ser feitas nas casas lot\u00e9ricas, caso esses estabelecimentos estejam abertos, e terminais de autoatendimento para quem tem senha do Cart\u00e3o Cidad\u00e3o. Quem tem Cart\u00e3o Cidad\u00e3o e senha pode sacar nos correspondentes Caixa Aqui, caso esses estabelecimentos estejam autorizados a abrir. Basta apresentar documento de identifica\u00e7\u00e3o.<\/p>\n\n\n\n<figure class=\"wp-block-image size-large\"><img decoding=\"async\" src=\"https:\/\/radiostudiow.com.br\/site\/wp-content\/uploads\/2024\/01\/image-5-1024x379.png\" alt=\"\" class=\"wp-image-18395\"\/><\/figure>\n\n\n\n<h2 class=\"wp-block-heading\">Valores<\/h2>\n\n\n\n<p>O valor a que o trabalhador que aderiu ao saque-anivers\u00e1rio tem direito a retirar a cada ano depende do saldo em cada conta do FGTS. Para contas com saldo de at\u00e9 R$ 500, poder\u00e3o ser retirados 50% do total. A partir da\u00ed, o percentual cai, mas ser\u00e1 pago\u00a0um valor fixo adicional, que aumenta conforme o saldo total. O c\u00e1lculo ocorre da seguinte forma:<\/p>\n\n\n\n<figure class=\"wp-block-image size-full\"><img decoding=\"async\" src=\"https:\/\/radiostudiow.com.br\/site\/wp-content\/uploads\/2024\/01\/image-9.png\" alt=\"\" class=\"wp-image-18420\"\/><\/figure>\n\n\n\n<p>FONTE: <em><a href=\"https:\/\/www.portalirati.com.br\/\">Portal Irati<\/a><\/em><\/p>\n","protected":false},"excerpt":{"rendered":"<p>Os trabalhadores que optarem pelo saque-anivers\u00e1rio do Fundo de Garantia do Tempo de Servi\u00e7o (FGTS) aos poucos come\u00e7am a ter acesso \u00e0 cota de 2024. As retiradas ocorrem conforme o m\u00eas de anivers\u00e1rio do trabalhador. Os cotistas nascidos em janeiro podem fazer o saque a partir desta ter\u00e7a-feira (02). Criada em 2019 e em vigor [&hellip;]<\/p>\n","protected":false},"author":2,"featured_media":18422,"comment_status":"open","ping_status":"open","sticky":false,"template":"","format":"standard","meta":{"footnotes":""},"categories":[7],"tags":[172],"class_list":["post-18418","post","type-post","status-publish","format-standard","has-post-thumbnail","hentry","category-geral","tag-featured"],"amp_enabled":true,"_links":{"self":[{"href":"https:\/\/radiostudiow.com.br\/site\/wp-json\/wp\/v2\/posts\/18418","targetHints":{"allow":["GET"]}}],"collection":[{"href":"https:\/\/radiostudiow.com.br\/site\/wp-json\/wp\/v2\/posts"}],"about":[{"href":"https:\/\/radiostudiow.com.br\/site\/wp-json\/wp\/v2\/types\/post"}],"author":[{"embeddable":true,"href":"https:\/\/radiostudiow.com.br\/site\/wp-json\/wp\/v2\/users\/2"}],"replies":[{"embeddable":true,"href":"https:\/\/radiostudiow.com.br\/site\/wp-json\/wp\/v2\/comments?post=18418"}],"version-history":[{"count":2,"href":"https:\/\/radiostudiow.com.br\/site\/wp-json\/wp\/v2\/posts\/18418\/revisions"}],"predecessor-version":[{"id":18423,"href":"https:\/\/radiostudiow.com.br\/site\/wp-json\/wp\/v2\/posts\/18418\/revisions\/18423"}],"wp:featuredmedia":[{"embeddable":true,"href":"https:\/\/radiostudiow.com.br\/site\/wp-json\/wp\/v2\/media\/18422"}],"wp:attachment":[{"href":"https:\/\/radiostudiow.com.br\/site\/wp-json\/wp\/v2\/media?parent=18418"}],"wp:term":[{"taxonomy":"category","embeddable":true,"href":"https:\/\/radiostudiow.com.br\/site\/wp-json\/wp\/v2\/categories?post=18418"},{"taxonomy":"post_tag","embeddable":true,"href":"https:\/\/radiostudiow.com.br\/site\/wp-json\/wp\/v2\/tags?post=18418"}],"curies":[{"name":"wp","href":"https:\/\/api.w.org\/{rel}","templated":true}]}}