{"id":18427,"date":"2024-01-03T17:01:54","date_gmt":"2024-01-03T20:01:54","guid":{"rendered":"https:\/\/radiostudiow.com.br\/site\/?p=18427"},"modified":"2025-01-31T15:02:22","modified_gmt":"2025-01-31T18:02:22","slug":"homem-procura-pm-preocupado-com-a-sua-irma","status":"publish","type":"post","link":"https:\/\/radiostudiow.com.br\/site\/2024\/01\/03\/homem-procura-pm-preocupado-com-a-sua-irma\/","title":{"rendered":"PM DE MALLET \u00c9 ACIONADA AP\u00d3S HOMEM PEDIR AJUDA PARA A SUA IRM\u00c3"},"content":{"rendered":"\n<p>Um senhor compareceu ao Pelot\u00e3o da Pol\u00edcia Militar de Mallet por volta das 01:00 horas dessa ter\u00e7a-feira, 02 de janeiro, relatando que sua irm\u00e3 estava agressiva na casa do seu convivente no Bairro S\u00e3o Pedro.<\/p>\n\n\n\n<figure class=\"wp-block-image size-full\"><img loading=\"lazy\" decoding=\"async\" width=\"897\" height=\"204\" src=\"https:\/\/radiostudiow.com.br\/site\/wp-content\/uploads\/2023\/10\/SITE-GRANDE3.png\" alt=\"\" class=\"wp-image-16341\" srcset=\"https:\/\/radiostudiow.com.br\/site\/wp-content\/uploads\/2023\/10\/SITE-GRANDE3.png 897w, https:\/\/radiostudiow.com.br\/site\/wp-content\/uploads\/2023\/10\/SITE-GRANDE3-300x68.png 300w, https:\/\/radiostudiow.com.br\/site\/wp-content\/uploads\/2023\/10\/SITE-GRANDE3-768x175.png 768w\" sizes=\"auto, (max-width: 897px) 100vw, 897px\" \/><\/figure>\n\n\n\n<p>De acordo com informa\u00e7\u00f5es, o solicitante comentou que a sua irm\u00e3 estaria demonstrando comportamentos agressivos, quebrando as coisas em casa, se machucando e agredindo seu marido, bem como, o amea\u00e7ando com uma faca.<\/p>\n\n\n\n<p>Diante dos relatos, a equipe policial acionou a ambul\u00e2ncia de plant\u00e3o e a Defesa Civil de Mallet.<\/p>\n\n\n\n<p>O apoio ocorreu sem altera\u00e7\u00f5es e a senhora foi encaminhada ao Hospital de Mallet.<\/p>\n\n\n\n<p>Ap\u00f3s consulta m\u00e9dica os familiares apresentaram interesse no internamento psiqui\u00e1trico da mulher.<\/p>\n\n\n\n<figure class=\"wp-block-image size-full\"><img decoding=\"async\" src=\"https:\/\/radiostudiow.com.br\/site\/wp-content\/uploads\/2023\/10\/SITE-GRANDE5.png\" alt=\"\" class=\"wp-image-16372\"\/><\/figure>\n","protected":false},"excerpt":{"rendered":"<p>Um senhor compareceu ao Pelot\u00e3o da Pol\u00edcia Militar de Mallet por volta das 01:00 horas dessa ter\u00e7a-feira, 02 de janeiro, relatando que sua irm\u00e3 estava agressiva na casa do seu convivente no Bairro S\u00e3o Pedro. De acordo com informa\u00e7\u00f5es, o solicitante comentou que a sua irm\u00e3 estaria demonstrando comportamentos agressivos, quebrando as coisas em casa, [&hellip;]<\/p>\n","protected":false},"author":2,"featured_media":7824,"comment_status":"open","ping_status":"open","sticky":false,"template":"","format":"standard","meta":{"footnotes":""},"categories":[2],"tags":[172],"class_list":["post-18427","post","type-post","status-publish","format-standard","has-post-thumbnail","hentry","category-policial","tag-featured"],"amp_enabled":true,"_links":{"self":[{"href":"https:\/\/radiostudiow.com.br\/site\/wp-json\/wp\/v2\/posts\/18427","targetHints":{"allow":["GET"]}}],"collection":[{"href":"https:\/\/radiostudiow.com.br\/site\/wp-json\/wp\/v2\/posts"}],"about":[{"href":"https:\/\/radiostudiow.com.br\/site\/wp-json\/wp\/v2\/types\/post"}],"author":[{"embeddable":true,"href":"https:\/\/radiostudiow.com.br\/site\/wp-json\/wp\/v2\/users\/2"}],"replies":[{"embeddable":true,"href":"https:\/\/radiostudiow.com.br\/site\/wp-json\/wp\/v2\/comments?post=18427"}],"version-history":[{"count":4,"href":"https:\/\/radiostudiow.com.br\/site\/wp-json\/wp\/v2\/posts\/18427\/revisions"}],"predecessor-version":[{"id":18453,"href":"https:\/\/radiostudiow.com.br\/site\/wp-json\/wp\/v2\/posts\/18427\/revisions\/18453"}],"wp:featuredmedia":[{"embeddable":true,"href":"https:\/\/radiostudiow.com.br\/site\/wp-json\/wp\/v2\/media\/7824"}],"wp:attachment":[{"href":"https:\/\/radiostudiow.com.br\/site\/wp-json\/wp\/v2\/media?parent=18427"}],"wp:term":[{"taxonomy":"category","embeddable":true,"href":"https:\/\/radiostudiow.com.br\/site\/wp-json\/wp\/v2\/categories?post=18427"},{"taxonomy":"post_tag","embeddable":true,"href":"https:\/\/radiostudiow.com.br\/site\/wp-json\/wp\/v2\/tags?post=18427"}],"curies":[{"name":"wp","href":"https:\/\/api.w.org\/{rel}","templated":true}]}}