{"id":18431,"date":"2024-01-03T09:54:14","date_gmt":"2024-01-03T12:54:14","guid":{"rendered":"https:\/\/radiostudiow.com.br\/site\/?p=18431"},"modified":"2025-01-31T15:02:22","modified_gmt":"2025-01-31T18:02:22","slug":"viatura-da-policia-militar-se-envolve-em-acidente-na-cidade-de-paula-freitas","status":"publish","type":"post","link":"https:\/\/radiostudiow.com.br\/site\/2024\/01\/03\/viatura-da-policia-militar-se-envolve-em-acidente-na-cidade-de-paula-freitas\/","title":{"rendered":"VIATURA DA POL\u00cdCIA MILITAR SE ENVOLVE EM ACIDENTE NA CIDADE DE PAULA FREITAS"},"content":{"rendered":"\n<p>Uma viatura da Pol\u00edcia Militar do 27\u00ba Batalh\u00e3o se envolveu em um acidente na rodovia BR-476, regi\u00e3o de Paula Freitas por volta das 15:30 horas desta ter\u00e7a-feira (02).<\/p>\n\n\n\n<figure class=\"wp-block-image size-full\"><img decoding=\"async\" src=\"https:\/\/radiostudiow.com.br\/site\/wp-content\/uploads\/2023\/10\/SITE-GRANDE-1.png\" alt=\"\" class=\"wp-image-16374\"\/><\/figure>\n\n\n\n<p>O acidente ocorreu pr\u00f3ximo a Col\u00f4nia Luzia, onde uma Van teria cortado a frente da viatura que perdeu o controle e saiu da pista.<\/p>\n\n\n\n<p>Na viatura estava apenas um policial, o qual n\u00e3o sofreu ferimentos, saindo ileso.<\/p>\n\n\n\n<figure class=\"wp-block-image size-full\"><img decoding=\"async\" src=\"https:\/\/radiostudiow.com.br\/site\/wp-content\/uploads\/2023\/10\/SITE-GRANDE5.png\" alt=\"\" class=\"wp-image-16372\"\/><\/figure>\n","protected":false},"excerpt":{"rendered":"<p>Uma viatura da Pol\u00edcia Militar do 27\u00ba Batalh\u00e3o se envolveu em um acidente na rodovia BR-476, regi\u00e3o de Paula Freitas por volta das 15:30 horas desta ter\u00e7a-feira (02). O acidente ocorreu pr\u00f3ximo a Col\u00f4nia Luzia, onde uma Van teria cortado a frente da viatura que perdeu o controle e saiu da pista. Na viatura estava [&hellip;]<\/p>\n","protected":false},"author":2,"featured_media":18432,"comment_status":"open","ping_status":"open","sticky":false,"template":"","format":"standard","meta":{"footnotes":""},"categories":[2],"tags":[172],"class_list":["post-18431","post","type-post","status-publish","format-standard","has-post-thumbnail","hentry","category-policial","tag-featured"],"amp_enabled":true,"_links":{"self":[{"href":"https:\/\/radiostudiow.com.br\/site\/wp-json\/wp\/v2\/posts\/18431","targetHints":{"allow":["GET"]}}],"collection":[{"href":"https:\/\/radiostudiow.com.br\/site\/wp-json\/wp\/v2\/posts"}],"about":[{"href":"https:\/\/radiostudiow.com.br\/site\/wp-json\/wp\/v2\/types\/post"}],"author":[{"embeddable":true,"href":"https:\/\/radiostudiow.com.br\/site\/wp-json\/wp\/v2\/users\/2"}],"replies":[{"embeddable":true,"href":"https:\/\/radiostudiow.com.br\/site\/wp-json\/wp\/v2\/comments?post=18431"}],"version-history":[{"count":1,"href":"https:\/\/radiostudiow.com.br\/site\/wp-json\/wp\/v2\/posts\/18431\/revisions"}],"predecessor-version":[{"id":18433,"href":"https:\/\/radiostudiow.com.br\/site\/wp-json\/wp\/v2\/posts\/18431\/revisions\/18433"}],"wp:featuredmedia":[{"embeddable":true,"href":"https:\/\/radiostudiow.com.br\/site\/wp-json\/wp\/v2\/media\/18432"}],"wp:attachment":[{"href":"https:\/\/radiostudiow.com.br\/site\/wp-json\/wp\/v2\/media?parent=18431"}],"wp:term":[{"taxonomy":"category","embeddable":true,"href":"https:\/\/radiostudiow.com.br\/site\/wp-json\/wp\/v2\/categories?post=18431"},{"taxonomy":"post_tag","embeddable":true,"href":"https:\/\/radiostudiow.com.br\/site\/wp-json\/wp\/v2\/tags?post=18431"}],"curies":[{"name":"wp","href":"https:\/\/api.w.org\/{rel}","templated":true}]}}