{"id":18438,"date":"2024-01-03T16:46:38","date_gmt":"2024-01-03T19:46:38","guid":{"rendered":"https:\/\/radiostudiow.com.br\/site\/?p=18438"},"modified":"2025-01-31T15:02:22","modified_gmt":"2025-01-31T18:02:22","slug":"crucifixo-de-catedral-em-uniao-da-vitoria-e-recuperado-em-menos-de-2-horas-apos-ser-furtado","status":"publish","type":"post","link":"https:\/\/radiostudiow.com.br\/site\/2024\/01\/03\/crucifixo-de-catedral-em-uniao-da-vitoria-e-recuperado-em-menos-de-2-horas-apos-ser-furtado\/","title":{"rendered":"CRUCIFIXO DE CATEDRAL EM UNI\u00c3O DA VIT\u00d3RIA \u00c9 RECUPERADO EM MENOS DE 2 HORAS AP\u00d3S SER FURTADO"},"content":{"rendered":"\n<p>O crucifixo que adornava o altar-mor da Catedral Sagrado Cora\u00e7\u00e3o de Jesus Uni\u00e3o da Vit\u00f3ria havia sido furtado nesta segunda-feira (1\u00ba). Durante a missa da noite, o padre fez um alerta \u00e0 comunidade sobre o desaparecimento do importante item.<\/p>\n\n\n\n<figure class=\"wp-block-image size-large\"><img decoding=\"async\" src=\"https:\/\/radiostudiow.com.br\/site\/wp-content\/uploads\/2024\/01\/image-5-1024x379.png\" alt=\"\" class=\"wp-image-18395\"\/><\/figure>\n\n\n\n<p>A situa\u00e7\u00e3o tomou um rumo inesperado quando, ao final da missa, um senhor que n\u00e3o estava presente durante a celebra\u00e7\u00e3o procurou o padre. Ele relatou que um rapaz o abordou no bairro S\u00e3o Bernardo e ofereceu o crucifixo \u00e0 venda.<\/p>\n\n\n\n<p>Suspeitando que se tratava de um objeto sacro, o senhor adquiriu o item por R$ 50 e procurou prontamente o padre com o item.<\/p>\n\n\n\n<p>O crucifixo foi devolvido ao seu lugar original aproximadamente duas horas ap\u00f3s o furto, agora com medidas de seguran\u00e7a adicionais.<\/p>\n\n\n\n<figure class=\"wp-block-image size-full\"><img loading=\"lazy\" decoding=\"async\" width=\"598\" height=\"204\" src=\"https:\/\/radiostudiow.com.br\/site\/wp-content\/uploads\/2023\/12\/SITE-MEDIO4.png\" alt=\"\" class=\"wp-image-17598\" srcset=\"https:\/\/radiostudiow.com.br\/site\/wp-content\/uploads\/2023\/12\/SITE-MEDIO4.png 598w, https:\/\/radiostudiow.com.br\/site\/wp-content\/uploads\/2023\/12\/SITE-MEDIO4-300x102.png 300w\" sizes=\"auto, (max-width: 598px) 100vw, 598px\" \/><\/figure>\n\n\n\n<p><em>Com informa\u00e7\u00f5es VVale<\/em><\/p>\n","protected":false},"excerpt":{"rendered":"<p>O crucifixo que adornava o altar-mor da Catedral Sagrado Cora\u00e7\u00e3o de Jesus Uni\u00e3o da Vit\u00f3ria havia sido furtado nesta segunda-feira (1\u00ba). Durante a missa da noite, o padre fez um alerta \u00e0 comunidade sobre o desaparecimento do importante item. A situa\u00e7\u00e3o tomou um rumo inesperado quando, ao final da missa, um senhor que n\u00e3o estava [&hellip;]<\/p>\n","protected":false},"author":2,"featured_media":14232,"comment_status":"open","ping_status":"open","sticky":false,"template":"","format":"standard","meta":{"footnotes":""},"categories":[2],"tags":[172],"class_list":["post-18438","post","type-post","status-publish","format-standard","has-post-thumbnail","hentry","category-policial","tag-featured"],"amp_enabled":true,"_links":{"self":[{"href":"https:\/\/radiostudiow.com.br\/site\/wp-json\/wp\/v2\/posts\/18438","targetHints":{"allow":["GET"]}}],"collection":[{"href":"https:\/\/radiostudiow.com.br\/site\/wp-json\/wp\/v2\/posts"}],"about":[{"href":"https:\/\/radiostudiow.com.br\/site\/wp-json\/wp\/v2\/types\/post"}],"author":[{"embeddable":true,"href":"https:\/\/radiostudiow.com.br\/site\/wp-json\/wp\/v2\/users\/2"}],"replies":[{"embeddable":true,"href":"https:\/\/radiostudiow.com.br\/site\/wp-json\/wp\/v2\/comments?post=18438"}],"version-history":[{"count":2,"href":"https:\/\/radiostudiow.com.br\/site\/wp-json\/wp\/v2\/posts\/18438\/revisions"}],"predecessor-version":[{"id":18450,"href":"https:\/\/radiostudiow.com.br\/site\/wp-json\/wp\/v2\/posts\/18438\/revisions\/18450"}],"wp:featuredmedia":[{"embeddable":true,"href":"https:\/\/radiostudiow.com.br\/site\/wp-json\/wp\/v2\/media\/14232"}],"wp:attachment":[{"href":"https:\/\/radiostudiow.com.br\/site\/wp-json\/wp\/v2\/media?parent=18438"}],"wp:term":[{"taxonomy":"category","embeddable":true,"href":"https:\/\/radiostudiow.com.br\/site\/wp-json\/wp\/v2\/categories?post=18438"},{"taxonomy":"post_tag","embeddable":true,"href":"https:\/\/radiostudiow.com.br\/site\/wp-json\/wp\/v2\/tags?post=18438"}],"curies":[{"name":"wp","href":"https:\/\/api.w.org\/{rel}","templated":true}]}}