{"id":18458,"date":"2024-01-04T10:18:35","date_gmt":"2024-01-04T13:18:35","guid":{"rendered":"https:\/\/radiostudiow.com.br\/site\/?p=18458"},"modified":"2025-01-31T15:02:22","modified_gmt":"2025-01-31T18:02:22","slug":"homem-morre-em-grave-acidente-na-br-373-em-imbituva","status":"publish","type":"post","link":"https:\/\/radiostudiow.com.br\/site\/2024\/01\/04\/homem-morre-em-grave-acidente-na-br-373-em-imbituva\/","title":{"rendered":"HOMEM MORRE EM GRAVE ACIDENTE NA BR-373 EM IMBITUVA"},"content":{"rendered":"\n<p><em><strong>Samuel Eurich de 42 anos, morador de Imbituva, morreu em grave acidente envolvendo um ve\u00edculo Meriva e um caminh\u00e3o Scania na BR-373 em Imbituva<\/strong>.<\/em><\/p>\n\n\n\n<figure class=\"wp-block-image size-large\"><img decoding=\"async\" src=\"https:\/\/radiostudiow.com.br\/site\/wp-content\/uploads\/2024\/01\/image-5-1024x379.png\" alt=\"\" class=\"wp-image-18395\"\/><\/figure>\n\n\n\n<p>O Corpo de Bombeiros recebeu solicita\u00e7\u00e3o do SAMU via telefone de emerg\u00eancia, informando sobre uma colis\u00e3o com um caminh\u00e3o Scania e um ve\u00edculo Meriva com uma v\u00edtima em \u00f3bito presa as ferragens, nesta tarde de quarta 03\/01, por volta das 13h40 na BR-373 km 226 em Imbituva <a><\/a><\/p>\n\n\n\n<p>Chegando ao local foi confirmada a ocorr\u00eancia, onde um carro encontrava-se sobre o acostamento, em seu interior uma v\u00edtima sem sinais vitais, com ferimentos incompat\u00edveis com a vida e presa as ferragens. O Caminh\u00e3o tamb\u00e9m sobre o acostamento, cerca de 50 metros a frente e o condutor deambulando pelo local, orientado, sem les\u00f5es vis\u00edveis. O mesmo foi atendido pela equipe bravo do SAMU e recusou encaminhamento ao hospital.<\/p>\n\n\n\n<figure class=\"wp-block-image size-full\"><img decoding=\"async\" src=\"https:\/\/radiostudiow.com.br\/site\/wp-content\/uploads\/2023\/10\/SITE-GRANDE5.png\" alt=\"\" class=\"wp-image-16372\"\/><\/figure>\n\n\n\n<p>A equipe BM aguardou a chegada da Pol\u00edcia Cient\u00edfica e IML e realizou desencarceramento da v\u00edtima. Local entregue a PRF.<\/p>\n\n\n\n<p>AOS FAMILIARES E AMIGOS, OS NOSSOS SENTIMENTOS.<\/p>\n\n\n\n<figure class=\"wp-block-image size-full\"><img loading=\"lazy\" decoding=\"async\" width=\"239\" height=\"362\" src=\"https:\/\/radiostudiow.com.br\/site\/wp-content\/uploads\/2024\/01\/image-13.png\" alt=\"\" class=\"wp-image-18460\" srcset=\"https:\/\/radiostudiow.com.br\/site\/wp-content\/uploads\/2024\/01\/image-13.png 239w, https:\/\/radiostudiow.com.br\/site\/wp-content\/uploads\/2024\/01\/image-13-198x300.png 198w\" sizes=\"auto, (max-width: 239px) 100vw, 239px\" \/><\/figure>\n\n\n\n<p>Informa\u00e7\u00e3o 10\u00b0SGBI de Irati\/ Jornal Centro Sul<\/p>\n","protected":false},"excerpt":{"rendered":"<p>Samuel Eurich de 42 anos, morador de Imbituva, morreu em grave acidente envolvendo um ve\u00edculo Meriva e um caminh\u00e3o Scania na BR-373 em Imbituva. O Corpo de Bombeiros recebeu solicita\u00e7\u00e3o do SAMU via telefone de emerg\u00eancia, informando sobre uma colis\u00e3o com um caminh\u00e3o Scania e um ve\u00edculo Meriva com uma v\u00edtima em \u00f3bito presa as [&hellip;]<\/p>\n","protected":false},"author":2,"featured_media":18459,"comment_status":"open","ping_status":"open","sticky":false,"template":"","format":"standard","meta":{"footnotes":""},"categories":[185],"tags":[172],"class_list":["post-18458","post","type-post","status-publish","format-standard","has-post-thumbnail","hentry","category-regional","tag-featured"],"amp_enabled":true,"_links":{"self":[{"href":"https:\/\/radiostudiow.com.br\/site\/wp-json\/wp\/v2\/posts\/18458","targetHints":{"allow":["GET"]}}],"collection":[{"href":"https:\/\/radiostudiow.com.br\/site\/wp-json\/wp\/v2\/posts"}],"about":[{"href":"https:\/\/radiostudiow.com.br\/site\/wp-json\/wp\/v2\/types\/post"}],"author":[{"embeddable":true,"href":"https:\/\/radiostudiow.com.br\/site\/wp-json\/wp\/v2\/users\/2"}],"replies":[{"embeddable":true,"href":"https:\/\/radiostudiow.com.br\/site\/wp-json\/wp\/v2\/comments?post=18458"}],"version-history":[{"count":1,"href":"https:\/\/radiostudiow.com.br\/site\/wp-json\/wp\/v2\/posts\/18458\/revisions"}],"predecessor-version":[{"id":18461,"href":"https:\/\/radiostudiow.com.br\/site\/wp-json\/wp\/v2\/posts\/18458\/revisions\/18461"}],"wp:featuredmedia":[{"embeddable":true,"href":"https:\/\/radiostudiow.com.br\/site\/wp-json\/wp\/v2\/media\/18459"}],"wp:attachment":[{"href":"https:\/\/radiostudiow.com.br\/site\/wp-json\/wp\/v2\/media?parent=18458"}],"wp:term":[{"taxonomy":"category","embeddable":true,"href":"https:\/\/radiostudiow.com.br\/site\/wp-json\/wp\/v2\/categories?post=18458"},{"taxonomy":"post_tag","embeddable":true,"href":"https:\/\/radiostudiow.com.br\/site\/wp-json\/wp\/v2\/tags?post=18458"}],"curies":[{"name":"wp","href":"https:\/\/api.w.org\/{rel}","templated":true}]}}