{"id":18469,"date":"2024-01-04T15:42:38","date_gmt":"2024-01-04T18:42:38","guid":{"rendered":"https:\/\/radiostudiow.com.br\/site\/?p=18469"},"modified":"2025-01-31T15:02:22","modified_gmt":"2025-01-31T18:02:22","slug":"materiais-e-ferramentas-sao-furtados-de-construcao-no-bairro-jardim-emilia-em-mallet","status":"publish","type":"post","link":"https:\/\/radiostudiow.com.br\/site\/2024\/01\/04\/materiais-e-ferramentas-sao-furtados-de-construcao-no-bairro-jardim-emilia-em-mallet\/","title":{"rendered":"MATERIAIS E FERRAMENTAS S\u00c3O FURTADOS DE CONSTRU\u00c7\u00c3O NO BAIRRO JARDIM EM\u00cdLIA EM MALLET"},"content":{"rendered":"\n<p>A equipe da Pol\u00edcia Militar de Mallet foi acionada para verificar uma situa\u00e7\u00e3o de furto em uma constru\u00e7\u00e3o na Rua Vereador Alcides de Almeida, bairro Jardim Em\u00edlia, por volta das 10:24 horas dessa quarta-feira (03).<\/p>\n\n\n\n<figure class=\"wp-block-image size-full\"><img decoding=\"async\" src=\"https:\/\/radiostudiow.com.br\/site\/wp-content\/uploads\/2023\/10\/SITE-GRANDE-1.png\" alt=\"\" class=\"wp-image-16374\"\/><\/figure>\n\n\n\n<p>No local o solicitante relatou aos policiais que o pedreiro chegou na obra no per\u00edodo da manh\u00e3 e encontrou a casa de ferramentas arrombada, com madeira lateral quebrada e do local foi furtado uma caixa de ferramentas com a tampa laranja, diversas ferramentas, um rolo marca Confil de fio el\u00e9trico 25 de 100 metros e uma chave de virar ferro.<\/p>\n\n\n\n<p>Diante dos relatos o solicitante e pedreiro foram orientados pelos policiais quantos aos procedimentos cab\u00edveis.<\/p>\n\n\n\n<figure class=\"wp-block-image size-full\"><img decoding=\"async\" src=\"https:\/\/radiostudiow.com.br\/site\/wp-content\/uploads\/2023\/10\/SITE-GRANDE5.png\" alt=\"\" class=\"wp-image-16372\"\/><\/figure>\n","protected":false},"excerpt":{"rendered":"<p>A equipe da Pol\u00edcia Militar de Mallet foi acionada para verificar uma situa\u00e7\u00e3o de furto em uma constru\u00e7\u00e3o na Rua Vereador Alcides de Almeida, bairro Jardim Em\u00edlia, por volta das 10:24 horas dessa quarta-feira (03). No local o solicitante relatou aos policiais que o pedreiro chegou na obra no per\u00edodo da manh\u00e3 e encontrou a [&hellip;]<\/p>\n","protected":false},"author":2,"featured_media":17329,"comment_status":"open","ping_status":"open","sticky":false,"template":"","format":"standard","meta":{"footnotes":""},"categories":[2],"tags":[172],"class_list":["post-18469","post","type-post","status-publish","format-standard","has-post-thumbnail","hentry","category-policial","tag-featured"],"amp_enabled":true,"_links":{"self":[{"href":"https:\/\/radiostudiow.com.br\/site\/wp-json\/wp\/v2\/posts\/18469","targetHints":{"allow":["GET"]}}],"collection":[{"href":"https:\/\/radiostudiow.com.br\/site\/wp-json\/wp\/v2\/posts"}],"about":[{"href":"https:\/\/radiostudiow.com.br\/site\/wp-json\/wp\/v2\/types\/post"}],"author":[{"embeddable":true,"href":"https:\/\/radiostudiow.com.br\/site\/wp-json\/wp\/v2\/users\/2"}],"replies":[{"embeddable":true,"href":"https:\/\/radiostudiow.com.br\/site\/wp-json\/wp\/v2\/comments?post=18469"}],"version-history":[{"count":3,"href":"https:\/\/radiostudiow.com.br\/site\/wp-json\/wp\/v2\/posts\/18469\/revisions"}],"predecessor-version":[{"id":18476,"href":"https:\/\/radiostudiow.com.br\/site\/wp-json\/wp\/v2\/posts\/18469\/revisions\/18476"}],"wp:featuredmedia":[{"embeddable":true,"href":"https:\/\/radiostudiow.com.br\/site\/wp-json\/wp\/v2\/media\/17329"}],"wp:attachment":[{"href":"https:\/\/radiostudiow.com.br\/site\/wp-json\/wp\/v2\/media?parent=18469"}],"wp:term":[{"taxonomy":"category","embeddable":true,"href":"https:\/\/radiostudiow.com.br\/site\/wp-json\/wp\/v2\/categories?post=18469"},{"taxonomy":"post_tag","embeddable":true,"href":"https:\/\/radiostudiow.com.br\/site\/wp-json\/wp\/v2\/tags?post=18469"}],"curies":[{"name":"wp","href":"https:\/\/api.w.org\/{rel}","templated":true}]}}