{"id":18473,"date":"2024-01-04T15:00:52","date_gmt":"2024-01-04T18:00:52","guid":{"rendered":"https:\/\/radiostudiow.com.br\/site\/?p=18473"},"modified":"2025-01-31T15:02:22","modified_gmt":"2025-01-31T18:02:22","slug":"prefeitura-municipal-de-mallet-abre-inscricoes-para-processos-seletivos-simplificados-veja-quais-sao-as-vagas-e-os-prazos","status":"publish","type":"post","link":"https:\/\/radiostudiow.com.br\/site\/2024\/01\/04\/prefeitura-municipal-de-mallet-abre-inscricoes-para-processos-seletivos-simplificados-veja-quais-sao-as-vagas-e-os-prazos\/","title":{"rendered":"Prefeitura Municipal de Mallet abre inscri\u00e7\u00f5es para Processos Seletivos Simplificados: Veja quais s\u00e3o as vagas e os prazos."},"content":{"rendered":"\n<p>A Prefeitura Municipal de Mallet abriu nesta semana as inscri\u00e7\u00f5es para os Processos Seletivos Simplificados &#8211; PSS, visando a contrata\u00e7\u00e3o tempor\u00e1ria de profissionais para desempenharem as fun\u00e7\u00f5es de Agente de apoio educacional &#8211; 20 horas, Agente de apoio educacional &#8211; 40 horas, assistente social, professor e professor de educa\u00e7\u00e3o f\u00edsica.<\/p>\n\n\n\n<p>Confira abaixo os prazos de inscri\u00e7\u00e3o:<\/p>\n\n\n\n<p style=\"font-size:29px\"><strong>PSS 004\/2023<\/strong>:<\/p>\n\n\n\n<p>Contrata\u00e7\u00e3o tempor\u00e1ria de profissionais para desempenharem as fun\u00e7\u00f5es de assistente social, professor e professor de educa\u00e7\u00e3o f\u00edsica.<\/p>\n\n\n\n<p>Inscri\u00e7\u00f5es: de 02\/01\/2024 \u00e0 07\/01\/2024<\/p>\n\n\n\n<p>Para mais informa\u00e7\u00f5es, leia o edital pelo site da Prefeitura Municipal de Mallet clicando em: <a href=\"https:\/\/mallet.pr.gov.br\/concursoView\/?id=16\" data-type=\"link\" data-id=\"https:\/\/mallet.pr.gov.br\/concursoView\/?id=16\">https:\/\/mallet.pr.gov.br\/concursoView\/?id=16<\/a><\/p>\n\n\n\n<p style=\"font-size:29px\"><strong>PSS 005\/2023<\/strong>:<\/p>\n\n\n\n<p>Contrata\u00e7\u00e3o tempor\u00e1ria de profissionais para desempenharem as fun\u00e7\u00f5es de Agente de apoio educacional &#8211; 20 horas e Agente de apoio educacional &#8211; 40 horas<\/p>\n\n\n\n<p>Inscri\u00e7\u00f5es: de 08\/01\/2024 \u00e0 14\/01\/2024<\/p>\n\n\n\n<p>Para mais informa\u00e7\u00f5es, leia o edital pelo site da Prefeitura Municipal de Mallet clicando em: <a href=\"https:\/\/mallet.pr.gov.br\/concursoView\/?id=17\" data-type=\"link\" data-id=\"https:\/\/mallet.pr.gov.br\/concursoView\/?id=17\">https:\/\/mallet.pr.gov.br\/concursoView\/?id=17<\/a><\/p>\n","protected":false},"excerpt":{"rendered":"<p>A Prefeitura Municipal de Mallet abriu nesta semana as inscri\u00e7\u00f5es para os Processos Seletivos Simplificados &#8211; PSS, visando a contrata\u00e7\u00e3o tempor\u00e1ria de profissionais para desempenharem as fun\u00e7\u00f5es de Agente de apoio educacional &#8211; 20 horas, Agente de apoio educacional &#8211; 40 horas, assistente social, professor e professor de educa\u00e7\u00e3o f\u00edsica. Confira abaixo os prazos de [&hellip;]<\/p>\n","protected":false},"author":2,"featured_media":18474,"comment_status":"open","ping_status":"open","sticky":false,"template":"","format":"standard","meta":{"footnotes":""},"categories":[184],"tags":[172],"class_list":["post-18473","post","type-post","status-publish","format-standard","has-post-thumbnail","hentry","category-local","tag-featured"],"amp_enabled":true,"_links":{"self":[{"href":"https:\/\/radiostudiow.com.br\/site\/wp-json\/wp\/v2\/posts\/18473","targetHints":{"allow":["GET"]}}],"collection":[{"href":"https:\/\/radiostudiow.com.br\/site\/wp-json\/wp\/v2\/posts"}],"about":[{"href":"https:\/\/radiostudiow.com.br\/site\/wp-json\/wp\/v2\/types\/post"}],"author":[{"embeddable":true,"href":"https:\/\/radiostudiow.com.br\/site\/wp-json\/wp\/v2\/users\/2"}],"replies":[{"embeddable":true,"href":"https:\/\/radiostudiow.com.br\/site\/wp-json\/wp\/v2\/comments?post=18473"}],"version-history":[{"count":1,"href":"https:\/\/radiostudiow.com.br\/site\/wp-json\/wp\/v2\/posts\/18473\/revisions"}],"predecessor-version":[{"id":18475,"href":"https:\/\/radiostudiow.com.br\/site\/wp-json\/wp\/v2\/posts\/18473\/revisions\/18475"}],"wp:featuredmedia":[{"embeddable":true,"href":"https:\/\/radiostudiow.com.br\/site\/wp-json\/wp\/v2\/media\/18474"}],"wp:attachment":[{"href":"https:\/\/radiostudiow.com.br\/site\/wp-json\/wp\/v2\/media?parent=18473"}],"wp:term":[{"taxonomy":"category","embeddable":true,"href":"https:\/\/radiostudiow.com.br\/site\/wp-json\/wp\/v2\/categories?post=18473"},{"taxonomy":"post_tag","embeddable":true,"href":"https:\/\/radiostudiow.com.br\/site\/wp-json\/wp\/v2\/tags?post=18473"}],"curies":[{"name":"wp","href":"https:\/\/api.w.org\/{rel}","templated":true}]}}