{"id":18477,"date":"2024-01-04T16:24:59","date_gmt":"2024-01-04T19:24:59","guid":{"rendered":"https:\/\/radiostudiow.com.br\/site\/?p=18477"},"modified":"2025-01-31T15:02:22","modified_gmt":"2025-01-31T18:02:22","slug":"pm-de-paula-freitas-e-acionada-para-policiamento-presenca","status":"publish","type":"post","link":"https:\/\/radiostudiow.com.br\/site\/2024\/01\/04\/pm-de-paula-freitas-e-acionada-para-policiamento-presenca\/","title":{"rendered":"PM DE PAULA FREITAS \u00c9 ACIONADA PARA POLICIAMENTO PRESEN\u00c7A"},"content":{"rendered":"\n<p><strong><em>A equipe da Pol\u00edcia Militar foi acionada para verificar uma situa\u00e7\u00e3o de invas\u00e3o em uma resid\u00eancia no bairro S\u00e3o Carlos por volta das 15:50 horas dessa quarta-feira (03).<\/em><\/strong><\/p>\n\n\n\n<figure class=\"wp-block-image size-full\"><img decoding=\"async\" src=\"https:\/\/radiostudiow.com.br\/site\/wp-content\/uploads\/2023\/10\/SITE-GRANDE4.png\" alt=\"\" class=\"wp-image-16367\"\/><\/figure>\n\n\n\n<p>De acordo com a solicitante, foi informada que havia indiv\u00edduos invadindo um im\u00f3vel que seria de seu filho, que estava trabalhando no momento.<\/p>\n\n\n\n<p>Os policiais se deslocaram at\u00e9 o local, onde conversaram com a solicitante, a qual relatou que ao lado de sua casa existe um terreno urbana do seu filho, por\u00e9m, est\u00e1 em disputa Judicial e que dois homens conhecidos teriam ido at\u00e9 este terreno e feito ro\u00e7adas de mato e derrubado uma \u00e1rvore.<\/p>\n\n\n\n<p>A mulher disse aos policiais que ela falou para os dois que estavam no local, que n\u00e3o era para entrar, logo em seguidos os homens sa\u00edram do local. A equipe policial fez buscas, por\u00e9m, n\u00e3o localizou os indiv\u00edduos.<\/p>\n\n\n\n<figure class=\"wp-block-image size-full\"><img loading=\"lazy\" decoding=\"async\" width=\"598\" height=\"204\" src=\"https:\/\/radiostudiow.com.br\/site\/wp-content\/uploads\/2023\/12\/SITE-MEDIO4.png\" alt=\"\" class=\"wp-image-17598\" srcset=\"https:\/\/radiostudiow.com.br\/site\/wp-content\/uploads\/2023\/12\/SITE-MEDIO4.png 598w, https:\/\/radiostudiow.com.br\/site\/wp-content\/uploads\/2023\/12\/SITE-MEDIO4-300x102.png 300w\" sizes=\"auto, (max-width: 598px) 100vw, 598px\" \/><\/figure>\n\n\n\n<p>A solicitante n\u00e3o apresentou documenta\u00e7\u00e3o do referido terreno, somente relatou que o filho seria umas das partes envolvidas no processo. PM orientou a mulher quanto aos procedimentos cab\u00edveis.<\/p>\n","protected":false},"excerpt":{"rendered":"<p>A equipe da Pol\u00edcia Militar foi acionada para verificar uma situa\u00e7\u00e3o de invas\u00e3o em uma resid\u00eancia no bairro S\u00e3o Carlos por volta das 15:50 horas dessa quarta-feira (03). De acordo com a solicitante, foi informada que havia indiv\u00edduos invadindo um im\u00f3vel que seria de seu filho, que estava trabalhando no momento. Os policiais se deslocaram [&hellip;]<\/p>\n","protected":false},"author":2,"featured_media":0,"comment_status":"open","ping_status":"open","sticky":false,"template":"","format":"standard","meta":{"footnotes":""},"categories":[2],"tags":[172],"class_list":["post-18477","post","type-post","status-publish","format-standard","hentry","category-policial","tag-featured"],"amp_enabled":true,"_links":{"self":[{"href":"https:\/\/radiostudiow.com.br\/site\/wp-json\/wp\/v2\/posts\/18477","targetHints":{"allow":["GET"]}}],"collection":[{"href":"https:\/\/radiostudiow.com.br\/site\/wp-json\/wp\/v2\/posts"}],"about":[{"href":"https:\/\/radiostudiow.com.br\/site\/wp-json\/wp\/v2\/types\/post"}],"author":[{"embeddable":true,"href":"https:\/\/radiostudiow.com.br\/site\/wp-json\/wp\/v2\/users\/2"}],"replies":[{"embeddable":true,"href":"https:\/\/radiostudiow.com.br\/site\/wp-json\/wp\/v2\/comments?post=18477"}],"version-history":[{"count":1,"href":"https:\/\/radiostudiow.com.br\/site\/wp-json\/wp\/v2\/posts\/18477\/revisions"}],"predecessor-version":[{"id":18478,"href":"https:\/\/radiostudiow.com.br\/site\/wp-json\/wp\/v2\/posts\/18477\/revisions\/18478"}],"wp:attachment":[{"href":"https:\/\/radiostudiow.com.br\/site\/wp-json\/wp\/v2\/media?parent=18477"}],"wp:term":[{"taxonomy":"category","embeddable":true,"href":"https:\/\/radiostudiow.com.br\/site\/wp-json\/wp\/v2\/categories?post=18477"},{"taxonomy":"post_tag","embeddable":true,"href":"https:\/\/radiostudiow.com.br\/site\/wp-json\/wp\/v2\/tags?post=18477"}],"curies":[{"name":"wp","href":"https:\/\/api.w.org\/{rel}","templated":true}]}}