{"id":18479,"date":"2024-01-04T16:39:57","date_gmt":"2024-01-04T19:39:57","guid":{"rendered":"https:\/\/radiostudiow.com.br\/site\/?p=18479"},"modified":"2025-01-31T15:02:22","modified_gmt":"2025-01-31T18:02:22","slug":"trabalhador-de-general-carneiro-e-encaminhado-para-o-hospital-apos-arvore-cair-em-cima","status":"publish","type":"post","link":"https:\/\/radiostudiow.com.br\/site\/2024\/01\/04\/trabalhador-de-general-carneiro-e-encaminhado-para-o-hospital-apos-arvore-cair-em-cima\/","title":{"rendered":"TRABALHADOR DE GENERAL CARNEIRO \u00c9 ENCAMINHADO PARA O HOSPITAL AP\u00d3S \u00c1RVORE CAIR EM CIMA"},"content":{"rendered":"\n<p>Um homem precisou ser hospitalizado ap\u00f3s \u00e1rvore cair em cima durante a manh\u00e3 desta quarta-feira, 03 de janeiro, em uma \u00e1rea rural da cidade de General Carneiro.<\/p>\n\n\n\n<figure class=\"wp-block-image size-full\"><img decoding=\"async\" src=\"https:\/\/radiostudiow.com.br\/site\/wp-content\/uploads\/2023\/08\/image-127.png\" alt=\"\" class=\"wp-image-14660\"\/><\/figure>\n\n\n\n<p>De acordo com informa\u00e7\u00f5es apuradas pela reportagem do Canal 4 TV, um homem estava trabalhando em uma empreiteira de corte de pinus, quando a \u00e1rvore caiu sobre o seu corpo.<\/p>\n\n\n\n<p>Colegas de trabalho prestaram os primeiros socorros para a v\u00edtima e conduziram at\u00e9 o trevo do Horizonte, aonde foi transferido para uma ambul\u00e2ncia do SAMU sendo encaminhado ao hospital Regional de Uni\u00e3o da Vit\u00f3ria. <\/p>\n\n\n\n<p>A v\u00edtima apresentava suspeita de fratura no f\u00eamur e costela e n\u00e3o corria risco de vida.<\/p>\n\n\n\n<figure class=\"wp-block-image size-full\"><img decoding=\"async\" src=\"https:\/\/radiostudiow.com.br\/site\/wp-content\/uploads\/2023\/10\/SITE-GRANDE5.png\" alt=\"\" class=\"wp-image-16372\"\/><\/figure>\n\n\n\n<p><strong><em>Fonte: Canal 4 TV<\/em><\/strong><\/p>\n","protected":false},"excerpt":{"rendered":"<p>Um homem precisou ser hospitalizado ap\u00f3s \u00e1rvore cair em cima durante a manh\u00e3 desta quarta-feira, 03 de janeiro, em uma \u00e1rea rural da cidade de General Carneiro. De acordo com informa\u00e7\u00f5es apuradas pela reportagem do Canal 4 TV, um homem estava trabalhando em uma empreiteira de corte de pinus, quando a \u00e1rvore caiu sobre o [&hellip;]<\/p>\n","protected":false},"author":2,"featured_media":18480,"comment_status":"open","ping_status":"open","sticky":false,"template":"","format":"standard","meta":{"footnotes":""},"categories":[2],"tags":[172],"class_list":["post-18479","post","type-post","status-publish","format-standard","has-post-thumbnail","hentry","category-policial","tag-featured"],"amp_enabled":true,"_links":{"self":[{"href":"https:\/\/radiostudiow.com.br\/site\/wp-json\/wp\/v2\/posts\/18479","targetHints":{"allow":["GET"]}}],"collection":[{"href":"https:\/\/radiostudiow.com.br\/site\/wp-json\/wp\/v2\/posts"}],"about":[{"href":"https:\/\/radiostudiow.com.br\/site\/wp-json\/wp\/v2\/types\/post"}],"author":[{"embeddable":true,"href":"https:\/\/radiostudiow.com.br\/site\/wp-json\/wp\/v2\/users\/2"}],"replies":[{"embeddable":true,"href":"https:\/\/radiostudiow.com.br\/site\/wp-json\/wp\/v2\/comments?post=18479"}],"version-history":[{"count":2,"href":"https:\/\/radiostudiow.com.br\/site\/wp-json\/wp\/v2\/posts\/18479\/revisions"}],"predecessor-version":[{"id":18488,"href":"https:\/\/radiostudiow.com.br\/site\/wp-json\/wp\/v2\/posts\/18479\/revisions\/18488"}],"wp:featuredmedia":[{"embeddable":true,"href":"https:\/\/radiostudiow.com.br\/site\/wp-json\/wp\/v2\/media\/18480"}],"wp:attachment":[{"href":"https:\/\/radiostudiow.com.br\/site\/wp-json\/wp\/v2\/media?parent=18479"}],"wp:term":[{"taxonomy":"category","embeddable":true,"href":"https:\/\/radiostudiow.com.br\/site\/wp-json\/wp\/v2\/categories?post=18479"},{"taxonomy":"post_tag","embeddable":true,"href":"https:\/\/radiostudiow.com.br\/site\/wp-json\/wp\/v2\/tags?post=18479"}],"curies":[{"name":"wp","href":"https:\/\/api.w.org\/{rel}","templated":true}]}}