{"id":18494,"date":"2024-01-04T18:40:33","date_gmt":"2024-01-04T21:40:33","guid":{"rendered":"https:\/\/radiostudiow.com.br\/site\/?p=18494"},"modified":"2025-01-31T15:02:22","modified_gmt":"2025-01-31T18:02:22","slug":"pc-de-reboucas-conclui-investigacao-sobre-roubo-e-serie-de-furtos-ocorridos-durante-meses","status":"publish","type":"post","link":"https:\/\/radiostudiow.com.br\/site\/2024\/01\/04\/pc-de-reboucas-conclui-investigacao-sobre-roubo-e-serie-de-furtos-ocorridos-durante-meses\/","title":{"rendered":"PC DE REBOU\u00c7AS CONCLUI INVESTIGA\u00c7\u00c3O SOBRE ROUBO E S\u00c9RIE DE FURTOS OCORRIDOS DURANTE MESES"},"content":{"rendered":"\n<p><strong><em>No total, foram conclu\u00eddos cinco inqu\u00e9ritos policiais que apuram diversos furtos e roubos em Rebou\u00e7as. Apenas um homem de 25 anos \u00e9 suspeito de ter cometido os delitos\/Paulo Sava, com informa\u00e7\u00f5es da Pol\u00edcia Civil<\/em>.<\/strong><\/p>\n\n\n\n<figure class=\"wp-block-image size-full\"><img decoding=\"async\" src=\"https:\/\/radiostudiow.com.br\/site\/wp-content\/uploads\/2023\/10\/SITE-GRANDE4.png\" alt=\"\" class=\"wp-image-16367\"\/><\/figure>\n\n\n\n<p>A Pol\u00edcia Civil de Rebou\u00e7as concluiu na manh\u00e3 de ontem, 01, cinco inqu\u00e9ritos policiais que apuram um caso de roubo e diversos furtos ocorridos nos \u00faltimos quatro meses de 2023 na cidade.\u00a0As investiga\u00e7\u00f5es apontaram que um homem de 25 anos, condenado por tr\u00e1fico de drogas e furto, teria sido o autor dos delitos.<\/p>\n\n\n\n<p>Inicialmente, o delegado de Rebou\u00e7as, Gabriel Marinho, havia solicitado a pris\u00e3o preventiva do suspeito, o que foi negado pelo Poder Judici\u00e1rio, que determinou a monitora\u00e7\u00e3o eletr\u00f4nica atrav\u00e9s de tornozeleira.\u00a0O rapaz teria se comprometido a comparecer ao Departamento Penitenci\u00e1rio de Guarapuava (Depen) para colocar o aparelho, mas at\u00e9 o dia 30 ele n\u00e3o havia se apresentado.<\/p>\n\n\n\n<blockquote class=\"wp-block-quote is-layout-flow wp-block-quote-is-layout-flow\">\n<p>O delegado afirmou que a Pol\u00edcia Civil vai continuar investigando os casos envolvendo o suspeito. \u201cNo que depender da Pol\u00edcia Civil, vamos continuar apurando os fatos e estamos \u00e0 disposi\u00e7\u00e3o do Poder Judici\u00e1rio, caso ele entenda pela pris\u00e3o dele, se necess\u00e1rio, agora que ele descumpriu ordem judicial, para ver se a popula\u00e7\u00e3o tem um pouco mais de paz\u201d, frisou.<\/p>\n<\/blockquote>\n\n\n\n<figure class=\"wp-block-image size-full\"><img loading=\"lazy\" decoding=\"async\" width=\"598\" height=\"204\" src=\"https:\/\/radiostudiow.com.br\/site\/wp-content\/uploads\/2023\/12\/SITE-MEDIO4.png\" alt=\"\" class=\"wp-image-17598\" srcset=\"https:\/\/radiostudiow.com.br\/site\/wp-content\/uploads\/2023\/12\/SITE-MEDIO4.png 598w, https:\/\/radiostudiow.com.br\/site\/wp-content\/uploads\/2023\/12\/SITE-MEDIO4-300x102.png 300w\" sizes=\"auto, (max-width: 598px) 100vw, 598px\" \/><\/figure>\n\n\n\n<p>No primeiro caso, ocorrido no dia 13 de setembro, o homem invadiu a resid\u00eancia de uma mulher e roubou uma caixa de som. A propriet\u00e1ria da casa chegou no momento em que o autor estava saindo. Ela tentou impedir o roubo, mas foi empurrada e amea\u00e7ada de morte por ele. O delegado contou o motivo deste tipo de a\u00e7\u00e3o se caracterizar como roubo impr\u00f3prio.<\/p>\n\n\n\n<blockquote class=\"wp-block-quote is-layout-flow wp-block-quote-is-layout-flow\">\n<p>\u201cNeste caso, se caracteriza um roubo impr\u00f3prio, porque ele se utilizou da viol\u00eancia para satisfazer a subtra\u00e7\u00e3o do aparelho. Ela n\u00e3o tinha imagens de c\u00e2meras de seguran\u00e7a, n\u00f3s procuramos, mas ela viu ele de perto, reconheceu e disse que lembrava do rosto dele. Fizemos o procedimento formal na Delegacia, chamado de reconhecimento de pessoa por fotografia. \u00c9 um rapaz conhecido por roubos em Rebou\u00e7as, mas n\u00e3o vou falar o nome para evitar uma responsabiliza\u00e7\u00e3o minha\u201d, comentou.<\/p>\n<\/blockquote>\n\n\n\n<p>J\u00e1 no dia 1\u00ba de outubro, o suspeito invadiu uma resid\u00eancia escalando o port\u00e3o e levou um celular, cerca de R$400 em dinheiro, sendo R$ 200 que estavam no quarto e outros R$ 200 que estavam em uma carteira com documentos e cart\u00f5es de cr\u00e9dito. Ele tamb\u00e9m levou uma bolsa, que foi recuperada pela v\u00edtima juntamente com a carteira e os documentos. Neste caso, imagens das c\u00e2meras de seguran\u00e7a do local possibilitaram a identifica\u00e7\u00e3o do suspeito.<\/p>\n\n\n\n<figure class=\"wp-block-image size-full\"><img loading=\"lazy\" decoding=\"async\" width=\"300\" height=\"180\" src=\"https:\/\/radiostudiow.com.br\/site\/wp-content\/uploads\/2023\/10\/SITE-PEQUENO.png\" alt=\"\" class=\"wp-image-16508\"\/><\/figure>\n\n\n\n<p>Em outra invas\u00e3o a resid\u00eancia, no dia 06 de outubro, o rapaz invadiu uma resid\u00eancia pela janela do banheiro e furtou cerca de R$ 200 e alguns alimentos. Uma tatuagem na perna do rapaz ajudou na identifica\u00e7\u00e3o, segundo Gabriel.\u00a0<\/p>\n\n\n\n<blockquote class=\"wp-block-quote is-layout-flow wp-block-quote-is-layout-flow\">\n<p>\u201cNo dia 1\u00ba de outubro, aparecia bem o rosto dele, ent\u00e3o facilitou para a papiloscopia, que fizeram a identifica\u00e7\u00e3o do suspeito. No dia 06, ele foi reconhecido pela roupa e tatuagem na perna. No dia 03, al\u00e9m das roupas e da tatuagem na perna, ele estava mancando. Em seguida, foi levado para a Delegacia pela PM no dia 23 de outubro por causa de um Termo Circunstanciado por briga e amea\u00e7a. Ele foi levado s\u00f3 para fazer o procedimento, que n\u00e3o gera pris\u00e3o, e estava mancando da mesma forma. Ent\u00e3o, foi poss\u00edvel confirmar que era ele nestes tr\u00eas casos\u201d, frisou.<\/p>\n<\/blockquote>\n\n\n\n<p>Em outro caso, j\u00e1 no dia 17 de outubro, o autor se aproveitou que o morador havia sa\u00eddo de sua resid\u00eancia, entrou e furtou um celular, um tablet e um cart\u00e3o de cr\u00e9dito.<\/p>\n\n\n\n<p>Al\u00e9m da monitora\u00e7\u00e3o eletr\u00f4nica, a Justi\u00e7a determinou outras restri\u00e7\u00f5es para o suspeito. O delegado detalhou quais seriam estas determina\u00e7\u00f5es.<\/p>\n\n\n\n<blockquote class=\"wp-block-quote is-layout-flow wp-block-quote-is-layout-flow\">\n<p>\u201cEle n\u00e3o pode se ausentar da Comarca, tem um hor\u00e1rio para ficar em casa depois das 20 horas. A decis\u00e3o da ju\u00edza saiu no dia 15 de dezembro, mas a Delegacia s\u00f3 foi intimada no dia 21\u201d, comentou.<\/p>\n<\/blockquote>\n\n\n\n<figure class=\"wp-block-image size-full\"><img decoding=\"async\" src=\"https:\/\/radiostudiow.com.br\/site\/wp-content\/uploads\/2023\/12\/SITE-PEQUENO3.png\" alt=\"\" class=\"wp-image-17616\"\/><\/figure>\n\n\n\n<p>Entre a decis\u00e3o da ju\u00edza e a entrega da intima\u00e7\u00e3o na delegacia, o autor cometeu um furto de um notebook, utilizando um cabo de vassoura para alcan\u00e7ar o equipamento, uma vez que havia grades nas janelas da resid\u00eancia. O delegado detalhou como foi o procedimento de reconhecimento neste caso.<\/p>\n\n\n\n<blockquote class=\"wp-block-quote is-layout-flow wp-block-quote-is-layout-flow\">\n<p>\u201cA v\u00edtima viu, a c\u00e2mera de seguran\u00e7a pega a a\u00e7\u00e3o dele caminhando em dire\u00e7\u00e3o \u00e0 resid\u00eancia, mas a v\u00edtima viu ele puxando (o computador) pela grade. Quando ela foi ouvida, ela deu alguns tra\u00e7os dele, como cor da pele, dos olhos e tipo do nariz. Fiz o mesmo procedimento de reconhecimento, e ela indicou como o mesmo suspeito dos outros casos. Nisto, o pedido de pris\u00e3o j\u00e1 havia sido indeferido. No dia 21, pedimos o apoio da PM para encontr\u00e1-lo, pois ele n\u00e3o para em casa, inclusive tendo uma medida protetiva contra ele que a m\u00e3e pediu l\u00e1 na Delegacia. No dia 28, os policiais encontraram ele em Rio Azul e o levaram para a Delegacia, onde ele assumiu o compromisso de comparecer ao Depen de Guarapuava para colocar a tornozeleira. Buscamos informa\u00e7\u00f5es junto ao Depen e no sistema, e consta como n\u00e3o cumprido este mandado de monitora\u00e7\u00e3o, ent\u00e3o, ele n\u00e3o compareceu\u201d, finalizou.<\/p>\n<\/blockquote>\n\n\n\n<p>A Pol\u00edcia Civil tamb\u00e9m est\u00e1 investigando se o rapaz seria o autor de um roubo de cerca de R$ 5 mil de uma panificadora de Rebou\u00e7as. Imagens de c\u00e2meras de seguran\u00e7a do local devem auxiliar nesta investiga\u00e7\u00e3o.<\/p>\n","protected":false},"excerpt":{"rendered":"<p>No total, foram conclu\u00eddos cinco inqu\u00e9ritos policiais que apuram diversos furtos e roubos em Rebou\u00e7as. Apenas um homem de 25 anos \u00e9 suspeito de ter cometido os delitos\/Paulo Sava, com informa\u00e7\u00f5es da Pol\u00edcia Civil. A Pol\u00edcia Civil de Rebou\u00e7as concluiu na manh\u00e3 de ontem, 01, cinco inqu\u00e9ritos policiais que apuram um caso de roubo e [&hellip;]<\/p>\n","protected":false},"author":2,"featured_media":18495,"comment_status":"open","ping_status":"open","sticky":false,"template":"","format":"standard","meta":{"footnotes":""},"categories":[2],"tags":[172],"class_list":["post-18494","post","type-post","status-publish","format-standard","has-post-thumbnail","hentry","category-policial","tag-featured"],"amp_enabled":true,"_links":{"self":[{"href":"https:\/\/radiostudiow.com.br\/site\/wp-json\/wp\/v2\/posts\/18494","targetHints":{"allow":["GET"]}}],"collection":[{"href":"https:\/\/radiostudiow.com.br\/site\/wp-json\/wp\/v2\/posts"}],"about":[{"href":"https:\/\/radiostudiow.com.br\/site\/wp-json\/wp\/v2\/types\/post"}],"author":[{"embeddable":true,"href":"https:\/\/radiostudiow.com.br\/site\/wp-json\/wp\/v2\/users\/2"}],"replies":[{"embeddable":true,"href":"https:\/\/radiostudiow.com.br\/site\/wp-json\/wp\/v2\/comments?post=18494"}],"version-history":[{"count":1,"href":"https:\/\/radiostudiow.com.br\/site\/wp-json\/wp\/v2\/posts\/18494\/revisions"}],"predecessor-version":[{"id":18496,"href":"https:\/\/radiostudiow.com.br\/site\/wp-json\/wp\/v2\/posts\/18494\/revisions\/18496"}],"wp:featuredmedia":[{"embeddable":true,"href":"https:\/\/radiostudiow.com.br\/site\/wp-json\/wp\/v2\/media\/18495"}],"wp:attachment":[{"href":"https:\/\/radiostudiow.com.br\/site\/wp-json\/wp\/v2\/media?parent=18494"}],"wp:term":[{"taxonomy":"category","embeddable":true,"href":"https:\/\/radiostudiow.com.br\/site\/wp-json\/wp\/v2\/categories?post=18494"},{"taxonomy":"post_tag","embeddable":true,"href":"https:\/\/radiostudiow.com.br\/site\/wp-json\/wp\/v2\/tags?post=18494"}],"curies":[{"name":"wp","href":"https:\/\/api.w.org\/{rel}","templated":true}]}}