{"id":18508,"date":"2024-01-05T15:46:42","date_gmt":"2024-01-05T18:46:42","guid":{"rendered":"https:\/\/radiostudiow.com.br\/site\/?p=18508"},"modified":"2025-01-31T15:02:22","modified_gmt":"2025-01-31T18:02:22","slug":"pm-de-mallet-prende-homem-com-mandado-de-prisao-em-aberto-3","status":"publish","type":"post","link":"https:\/\/radiostudiow.com.br\/site\/2024\/01\/05\/pm-de-mallet-prende-homem-com-mandado-de-prisao-em-aberto-3\/","title":{"rendered":"POL\u00cdCIA MILITAR DE MALLET PRENDE HOMEM COM MANDADO DE PRIS\u00c3O EM ABERTO"},"content":{"rendered":"\n<p>A equipe da Pol\u00edcia Militar de Mallet deu cumprimento de Mandado Judicial durante patrulhamento pela estrada rural da Col\u00f4nia Tr\u00eas por volta das 17:50 horas dessa quinta-feira (04).<\/p>\n\n\n\n<figure class=\"wp-block-image size-full\"><img decoding=\"async\" src=\"https:\/\/radiostudiow.com.br\/site\/wp-content\/uploads\/2023\/10\/SITE-GRANDE-1.png\" alt=\"\" class=\"wp-image-16374\"\/><\/figure>\n\n\n\n<p>Os policiais se depararam com um senhor ao lado externo do ve\u00edculo, onde realizou abordagem para verificar se necessitava de ajuda.<\/p>\n\n\n\n<p>Posteriormente foi consultado a documenta\u00e7\u00e3o via sistema SESP, o homem foi identificado e constatado que ele possui um mandado de pris\u00e3o em aberto, conforme n\u00famero de auto, com validade at\u00e9 06 de Dezembro de 2024, expedido pela vara de fam\u00edlia e sucess\u00f5es de Mallet.<\/p>\n\n\n\n<figure class=\"wp-block-image size-full\"><img loading=\"lazy\" decoding=\"async\" width=\"897\" height=\"204\" src=\"https:\/\/radiostudiow.com.br\/site\/wp-content\/uploads\/2023\/10\/SITE-GRANDE3.png\" alt=\"\" class=\"wp-image-16341\" srcset=\"https:\/\/radiostudiow.com.br\/site\/wp-content\/uploads\/2023\/10\/SITE-GRANDE3.png 897w, https:\/\/radiostudiow.com.br\/site\/wp-content\/uploads\/2023\/10\/SITE-GRANDE3-300x68.png 300w, https:\/\/radiostudiow.com.br\/site\/wp-content\/uploads\/2023\/10\/SITE-GRANDE3-768x175.png 768w\" sizes=\"auto, (max-width: 897px) 100vw, 897px\" \/><\/figure>\n\n\n\n<p>Diante dos fatos a equipe policial deu voz de pris\u00e3o e encaminhou o autor para DEPEN de Uni\u00e3o da Vit\u00f3ria.<\/p>\n","protected":false},"excerpt":{"rendered":"<p>A equipe da Pol\u00edcia Militar de Mallet deu cumprimento de Mandado Judicial durante patrulhamento pela estrada rural da Col\u00f4nia Tr\u00eas por volta das 17:50 horas dessa quinta-feira (04). Os policiais se depararam com um senhor ao lado externo do ve\u00edculo, onde realizou abordagem para verificar se necessitava de ajuda. Posteriormente foi consultado a documenta\u00e7\u00e3o via [&hellip;]<\/p>\n","protected":false},"author":2,"featured_media":10671,"comment_status":"open","ping_status":"open","sticky":false,"template":"","format":"standard","meta":{"footnotes":""},"categories":[2],"tags":[172],"class_list":["post-18508","post","type-post","status-publish","format-standard","has-post-thumbnail","hentry","category-policial","tag-featured"],"amp_enabled":true,"_links":{"self":[{"href":"https:\/\/radiostudiow.com.br\/site\/wp-json\/wp\/v2\/posts\/18508","targetHints":{"allow":["GET"]}}],"collection":[{"href":"https:\/\/radiostudiow.com.br\/site\/wp-json\/wp\/v2\/posts"}],"about":[{"href":"https:\/\/radiostudiow.com.br\/site\/wp-json\/wp\/v2\/types\/post"}],"author":[{"embeddable":true,"href":"https:\/\/radiostudiow.com.br\/site\/wp-json\/wp\/v2\/users\/2"}],"replies":[{"embeddable":true,"href":"https:\/\/radiostudiow.com.br\/site\/wp-json\/wp\/v2\/comments?post=18508"}],"version-history":[{"count":3,"href":"https:\/\/radiostudiow.com.br\/site\/wp-json\/wp\/v2\/posts\/18508\/revisions"}],"predecessor-version":[{"id":18512,"href":"https:\/\/radiostudiow.com.br\/site\/wp-json\/wp\/v2\/posts\/18508\/revisions\/18512"}],"wp:featuredmedia":[{"embeddable":true,"href":"https:\/\/radiostudiow.com.br\/site\/wp-json\/wp\/v2\/media\/10671"}],"wp:attachment":[{"href":"https:\/\/radiostudiow.com.br\/site\/wp-json\/wp\/v2\/media?parent=18508"}],"wp:term":[{"taxonomy":"category","embeddable":true,"href":"https:\/\/radiostudiow.com.br\/site\/wp-json\/wp\/v2\/categories?post=18508"},{"taxonomy":"post_tag","embeddable":true,"href":"https:\/\/radiostudiow.com.br\/site\/wp-json\/wp\/v2\/tags?post=18508"}],"curies":[{"name":"wp","href":"https:\/\/api.w.org\/{rel}","templated":true}]}}