{"id":18529,"date":"2024-01-05T17:13:17","date_gmt":"2024-01-05T20:13:17","guid":{"rendered":"https:\/\/radiostudiow.com.br\/site\/?p=18529"},"modified":"2025-01-31T15:02:22","modified_gmt":"2025-01-31T18:02:22","slug":"enade-2023-ja-comecou-prazo-para-pedir-dispensa-de-prova","status":"publish","type":"post","link":"https:\/\/radiostudiow.com.br\/site\/2024\/01\/05\/enade-2023-ja-comecou-prazo-para-pedir-dispensa-de-prova\/","title":{"rendered":"ENADE 2023! J\u00c1 COME\u00c7OU PRAZO PARA PEDIR DISPENSA DE PROVA"},"content":{"rendered":"\n<blockquote class=\"wp-block-quote is-layout-flow wp-block-quote-is-layout-flow\">\n<p><strong>Pedido deve ser feito at\u00e9 9 de fevereiro<\/strong><\/p>\n\n\n\n<figure class=\"wp-block-image size-full\"><img decoding=\"async\" src=\"https:\/\/radiostudiow.com.br\/site\/wp-content\/uploads\/2023\/08\/image-127.png\" alt=\"\" class=\"wp-image-14660\"\/><\/figure>\n<\/blockquote>\n\n\n\n<p><\/p>\n\n\n\n<p><strong>Ag\u00eancia Brasil<\/strong><\/p>\n\n\n\n<p>J\u00e1 est\u00e1 aberto o prazo para solicitar dispensa da prova do Exame Nacional de Desempenho dos Estudantes (Enade) 2023. O pedido deve ser feito at\u00e9 o dia 9 de fevereiro, por meio do&nbsp;<a href=\"https:\/\/enade.inep.gov.br\/enade\/#!\/index%C2%A0\" target=\"_blank\" rel=\"noreferrer noopener\">Sistema Enade<\/a>, pelo estudante ou pela institui\u00e7\u00e3o de educa\u00e7\u00e3o superior, a depender da motiva\u00e7\u00e3o da aus\u00eancia. De acordo com o Minist\u00e9rio da Educa\u00e7\u00e3o, em ambas as situa\u00e7\u00f5es, \u00e9 preciso comprovar o motivo da falta, mediante documenta\u00e7\u00e3o, conforme as exig\u00eancias previstas em edital.&nbsp;<img decoding=\"async\" src=\"https:\/\/agenciabrasil.ebc.com.br\/ebc.png?id=1575256&amp;o=node\"><img decoding=\"async\" src=\"https:\/\/agenciabrasil.ebc.com.br\/ebc.gif?id=1575256&amp;o=node\"><\/p>\n\n\n\n<p><em><strong>\u201cO estudante pode solicitar a dispensa da prova, mas precisa ter cumprido o requisito de preencher o Question\u00e1rio do Estudante\u201d, destacou a pasta.<\/strong><\/em> Entre as situa\u00e7\u00f5es previstas como justificativa de aus\u00eancia est\u00e3o&nbsp;acidente, assalto, casamento, extravio, perda, furto ou roubo de documento de identifica\u00e7\u00e3o, luto, quest\u00f5es relacionadas \u00e0 sa\u00fade, \u00e0 maternidade ou \u00e0 paternidade, al\u00e9m de compromissos profissionais e priva\u00e7\u00e3o de liberdade. &nbsp;<\/p>\n\n\n\n<p><strong><em>\u201cCabe pontuar que pessoas eliminadas do exame no local de aplica\u00e7\u00e3o n\u00e3o podem solicitar a dispensa\u201d, refor\u00e7ou o minist\u00e9rio. <\/em><\/strong>Casos de aus\u00eancia decorrentes de motivos pessoais ou profissionais devem ser registrados pelos estudantes e analisados pelos respectivos coordenadores de curso. J\u00e1 os casos de aus\u00eancia por compromissos acad\u00eamicos vinculados ao curso avaliado devem ser registrados pelos coordenadores.<\/p>\n\n\n\n<figure class=\"wp-block-image size-full\"><img decoding=\"async\" src=\"https:\/\/radiostudiow.com.br\/site\/wp-content\/uploads\/2023\/10\/SITE-GRANDE5.png\" alt=\"\" class=\"wp-image-16372\"\/><\/figure>\n\n\n\n<h2 class=\"wp-block-heading\">Enade &nbsp;<\/h2>\n\n\n\n<p>Realizado anualmente pelo Instituto Nacional de Estudos e Pesquisas Educacionais An\u00edsio Teixeira (Inep), o exame avalia o rendimento dos concluintes dos cursos de gradua\u00e7\u00e3o em rela\u00e7\u00e3o aos conte\u00fados program\u00e1ticos previstos nas diretrizes curriculares, o desenvolvimento de compet\u00eancias e habilidades necess\u00e1rias ao aprofundamento da forma\u00e7\u00e3o geral e profissional, bem como o n\u00edvel de atualiza\u00e7\u00e3o dos estudantes com rela\u00e7\u00e3o \u00e0 realidade brasileira e mundial. &nbsp;<\/p>\n\n\n\n<p>A inscri\u00e7\u00e3o \u00e9 obrigat\u00f3ria para ingressantes e concluintes de cursos de bacharelado, superiores de tecnologia e licenciaturas vinculados \u00e0s \u00e1reas avaliadas.&nbsp;<\/p>\n\n\n\n<p><em>FONTE: <a href=\"https:\/\/www.folhadeirati.com.br\/\" data-type=\"link\" data-id=\"https:\/\/www.folhadeirati.com.br\/\">Folha de Irati<\/a><\/em><\/p>\n","protected":false},"excerpt":{"rendered":"<p>Ag\u00eancia Brasil J\u00e1 est\u00e1 aberto o prazo para solicitar dispensa da prova do Exame Nacional de Desempenho dos Estudantes (Enade) 2023. O pedido deve ser feito at\u00e9 o dia 9 de fevereiro, por meio do&nbsp;Sistema Enade, pelo estudante ou pela institui\u00e7\u00e3o de educa\u00e7\u00e3o superior, a depender da motiva\u00e7\u00e3o da aus\u00eancia. De acordo com o Minist\u00e9rio [&hellip;]<\/p>\n","protected":false},"author":2,"featured_media":18530,"comment_status":"open","ping_status":"open","sticky":false,"template":"","format":"standard","meta":{"footnotes":""},"categories":[7],"tags":[172],"class_list":["post-18529","post","type-post","status-publish","format-standard","has-post-thumbnail","hentry","category-geral","tag-featured"],"amp_enabled":true,"_links":{"self":[{"href":"https:\/\/radiostudiow.com.br\/site\/wp-json\/wp\/v2\/posts\/18529","targetHints":{"allow":["GET"]}}],"collection":[{"href":"https:\/\/radiostudiow.com.br\/site\/wp-json\/wp\/v2\/posts"}],"about":[{"href":"https:\/\/radiostudiow.com.br\/site\/wp-json\/wp\/v2\/types\/post"}],"author":[{"embeddable":true,"href":"https:\/\/radiostudiow.com.br\/site\/wp-json\/wp\/v2\/users\/2"}],"replies":[{"embeddable":true,"href":"https:\/\/radiostudiow.com.br\/site\/wp-json\/wp\/v2\/comments?post=18529"}],"version-history":[{"count":2,"href":"https:\/\/radiostudiow.com.br\/site\/wp-json\/wp\/v2\/posts\/18529\/revisions"}],"predecessor-version":[{"id":18533,"href":"https:\/\/radiostudiow.com.br\/site\/wp-json\/wp\/v2\/posts\/18529\/revisions\/18533"}],"wp:featuredmedia":[{"embeddable":true,"href":"https:\/\/radiostudiow.com.br\/site\/wp-json\/wp\/v2\/media\/18530"}],"wp:attachment":[{"href":"https:\/\/radiostudiow.com.br\/site\/wp-json\/wp\/v2\/media?parent=18529"}],"wp:term":[{"taxonomy":"category","embeddable":true,"href":"https:\/\/radiostudiow.com.br\/site\/wp-json\/wp\/v2\/categories?post=18529"},{"taxonomy":"post_tag","embeddable":true,"href":"https:\/\/radiostudiow.com.br\/site\/wp-json\/wp\/v2\/tags?post=18529"}],"curies":[{"name":"wp","href":"https:\/\/api.w.org\/{rel}","templated":true}]}}