{"id":18544,"date":"2024-01-06T10:02:38","date_gmt":"2024-01-06T13:02:38","guid":{"rendered":"https:\/\/radiostudiow.com.br\/site\/?p=18544"},"modified":"2025-01-31T15:02:22","modified_gmt":"2025-01-31T18:02:22","slug":"homem-com-tornozeleira-e-preso-apos-furto-e-tentativa-de-agressao-a-policiais-em-sao-mateus-do-sul","status":"publish","type":"post","link":"https:\/\/radiostudiow.com.br\/site\/2024\/01\/06\/homem-com-tornozeleira-e-preso-apos-furto-e-tentativa-de-agressao-a-policiais-em-sao-mateus-do-sul\/","title":{"rendered":"HOMEM COM TORNOZELEIRA \u00c9 PRESO AP\u00d3S FURTO E TENTATIVA DE AGRESS\u00c3O A POLICIAIS EM S\u00c3O MATEUS DO SUL"},"content":{"rendered":"\n<p>Um homem compareceu na 3\u00b0 Companhia de Pol\u00edcia Militar para a confec\u00e7\u00e3o do boletim de ocorr\u00eancia. Ele relatou que foi alvo de furto ao fechar seu com\u00e9rcio na Rua 12 de Outubro na Vila Americana por volta das 23:23 horas de sexta-feira (5).<\/p>\n\n\n\n<figure class=\"wp-block-image size-full\"><img decoding=\"async\" src=\"https:\/\/radiostudiow.com.br\/site\/wp-content\/uploads\/2023\/10\/SITE-GRANDE4.png\" alt=\"\" class=\"wp-image-16367\"\/><\/figure>\n\n\n\n<p>De acordo com o solicitante, ao tentar recolher seu autom\u00f3vel foi surpreendido por um masculino trajando bermuda, camiseta preta com gola amarela e tornozeleira eletr\u00f4nica, o qual furtou sua carteira com os documentos pessoais e uma certa quantia em dinheiro.<\/p>\n\n\n\n<p>A equipe policial ent\u00e3o deslocou at\u00e9 o endere\u00e7o supracitado afim de localizar o indiv\u00edduo. Ao chegar no local a equipe Rotam estava em abordagem a um indiv\u00edduo com as mesmas caracter\u00edsticas repassadas.<\/p>\n\n\n\n<figure class=\"wp-block-image size-full\"><img decoding=\"async\" src=\"https:\/\/radiostudiow.com.br\/site\/wp-content\/uploads\/2023\/10\/SITE-GRANDE5.png\" alt=\"\" class=\"wp-image-16372\"\/><\/figure>\n\n\n\n<p>Realizada a busca pessoal ao indiv\u00edduo, \u00a0foi constatado que a tornozeleira eletr\u00f4nica estava rompida, pelo pr\u00f3prio usu\u00e1rio, e tamb\u00e9m, foi localizado a quantia em dinheiro com o abordado. Ao ser questionado sobre a origem do dinheiro, ele n\u00e3o soube informar, momento em que ficou agressivo, partindo para cima da equipe com resist\u00eancia ativa, tentando desferir socos e chutes contra a guarni\u00e7\u00e3o.<\/p>\n\n\n\n<p>Ele precisou ser contido com o uso de for\u00e7a f\u00edsica e t\u00e9cnicas de imobiliza\u00e7\u00e3o pessoal. O suspeito foi encaminhado para a delegacia de S\u00e3o Mateus do Sul.<\/p>\n","protected":false},"excerpt":{"rendered":"<p>Um homem compareceu na 3\u00b0 Companhia de Pol\u00edcia Militar para a confec\u00e7\u00e3o do boletim de ocorr\u00eancia. Ele relatou que foi alvo de furto ao fechar seu com\u00e9rcio na Rua 12 de Outubro na Vila Americana por volta das 23:23 horas de sexta-feira (5). De acordo com o solicitante, ao tentar recolher seu autom\u00f3vel foi surpreendido [&hellip;]<\/p>\n","protected":false},"author":2,"featured_media":14798,"comment_status":"open","ping_status":"open","sticky":false,"template":"","format":"standard","meta":{"footnotes":""},"categories":[2],"tags":[172],"class_list":["post-18544","post","type-post","status-publish","format-standard","has-post-thumbnail","hentry","category-policial","tag-featured"],"amp_enabled":true,"_links":{"self":[{"href":"https:\/\/radiostudiow.com.br\/site\/wp-json\/wp\/v2\/posts\/18544","targetHints":{"allow":["GET"]}}],"collection":[{"href":"https:\/\/radiostudiow.com.br\/site\/wp-json\/wp\/v2\/posts"}],"about":[{"href":"https:\/\/radiostudiow.com.br\/site\/wp-json\/wp\/v2\/types\/post"}],"author":[{"embeddable":true,"href":"https:\/\/radiostudiow.com.br\/site\/wp-json\/wp\/v2\/users\/2"}],"replies":[{"embeddable":true,"href":"https:\/\/radiostudiow.com.br\/site\/wp-json\/wp\/v2\/comments?post=18544"}],"version-history":[{"count":3,"href":"https:\/\/radiostudiow.com.br\/site\/wp-json\/wp\/v2\/posts\/18544\/revisions"}],"predecessor-version":[{"id":18550,"href":"https:\/\/radiostudiow.com.br\/site\/wp-json\/wp\/v2\/posts\/18544\/revisions\/18550"}],"wp:featuredmedia":[{"embeddable":true,"href":"https:\/\/radiostudiow.com.br\/site\/wp-json\/wp\/v2\/media\/14798"}],"wp:attachment":[{"href":"https:\/\/radiostudiow.com.br\/site\/wp-json\/wp\/v2\/media?parent=18544"}],"wp:term":[{"taxonomy":"category","embeddable":true,"href":"https:\/\/radiostudiow.com.br\/site\/wp-json\/wp\/v2\/categories?post=18544"},{"taxonomy":"post_tag","embeddable":true,"href":"https:\/\/radiostudiow.com.br\/site\/wp-json\/wp\/v2\/tags?post=18544"}],"curies":[{"name":"wp","href":"https:\/\/api.w.org\/{rel}","templated":true}]}}