{"id":18564,"date":"2024-01-08T20:43:28","date_gmt":"2024-01-08T23:43:28","guid":{"rendered":"https:\/\/radiostudiow.com.br\/site\/?p=18564"},"modified":"2025-01-31T15:02:21","modified_gmt":"2025-01-31T18:02:21","slug":"pm-de-paulo-frontin-realizou-operacao-bloqueio","status":"publish","type":"post","link":"https:\/\/radiostudiow.com.br\/site\/2024\/01\/08\/pm-de-paulo-frontin-realizou-operacao-bloqueio\/","title":{"rendered":"PM DE PAULO FRONTIN REALIZOU OPERA\u00c7\u00c3O BLOQUEIO"},"content":{"rendered":"\n<p>A equipe da Pol\u00edcia Militar de Paulo Frontin realizou a opera\u00e7\u00e3o de bloqueio na \u00e1rea central da cidade por volta das 18:45 horas desse domingo (07).<\/p>\n\n\n\n<figure class=\"wp-block-image size-full\"><img decoding=\"async\" src=\"https:\/\/radiostudiow.com.br\/site\/wp-content\/uploads\/2023\/10\/SITE-GRANDE5.png\" alt=\"\" class=\"wp-image-16372\"\/><\/figure>\n\n\n\n<p>A opera\u00e7\u00e3o foi realizada conforme a determina\u00e7\u00e3o do 4\u00ba CRPM sendo abordados 8 (oito) carro e 2 (duas) motos. Todos sem altera\u00e7\u00f5es.<\/p>\n\n\n\n<p>Por volta das 20:18 horas ainda em Opera\u00e7\u00e3o Bloqueio, em patrulhamento pela Rua 14 de Dezembro, quando avistaram um ve\u00edculo VW GOL, cor branca, o qual estava com a lanterna traseira esquerda inoperante.<\/p>\n\n\n\n<p>Sendo realizada a abordagem, onde posteriormente foi identificado o condutor, com o mesmo nada de il\u00edcito foi localizado. Em consulta ao sistema, o ve\u00edculo apresentava altera\u00e7\u00e3o de caracter\u00edsticas, sendo elas escapamento adulterado, altera\u00e7\u00e3o no sistema de ilumina\u00e7\u00e3o, altera\u00e7\u00e3o na suspens\u00e3o e na pel\u00edcula dos vidros.<\/p>\n\n\n\n<p>Diante da situa\u00e7\u00e3o a equipe policial realizou o recolhimento do referido ve\u00edculo no Pelot\u00e3o da PM de Paulo Frontin e confeccionou os Autos Pertinentes.<\/p>\n","protected":false},"excerpt":{"rendered":"<p>A equipe da Pol\u00edcia Militar de Paulo Frontin realizou a opera\u00e7\u00e3o de bloqueio na \u00e1rea central da cidade por volta das 18:45 horas desse domingo (07). A opera\u00e7\u00e3o foi realizada conforme a determina\u00e7\u00e3o do 4\u00ba CRPM sendo abordados 8 (oito) carro e 2 (duas) motos. Todos sem altera\u00e7\u00f5es. Por volta das 20:18 horas ainda em [&hellip;]<\/p>\n","protected":false},"author":2,"featured_media":14373,"comment_status":"open","ping_status":"open","sticky":false,"template":"","format":"standard","meta":{"footnotes":""},"categories":[2],"tags":[172],"class_list":["post-18564","post","type-post","status-publish","format-standard","has-post-thumbnail","hentry","category-policial","tag-featured"],"amp_enabled":true,"_links":{"self":[{"href":"https:\/\/radiostudiow.com.br\/site\/wp-json\/wp\/v2\/posts\/18564","targetHints":{"allow":["GET"]}}],"collection":[{"href":"https:\/\/radiostudiow.com.br\/site\/wp-json\/wp\/v2\/posts"}],"about":[{"href":"https:\/\/radiostudiow.com.br\/site\/wp-json\/wp\/v2\/types\/post"}],"author":[{"embeddable":true,"href":"https:\/\/radiostudiow.com.br\/site\/wp-json\/wp\/v2\/users\/2"}],"replies":[{"embeddable":true,"href":"https:\/\/radiostudiow.com.br\/site\/wp-json\/wp\/v2\/comments?post=18564"}],"version-history":[{"count":3,"href":"https:\/\/radiostudiow.com.br\/site\/wp-json\/wp\/v2\/posts\/18564\/revisions"}],"predecessor-version":[{"id":18588,"href":"https:\/\/radiostudiow.com.br\/site\/wp-json\/wp\/v2\/posts\/18564\/revisions\/18588"}],"wp:featuredmedia":[{"embeddable":true,"href":"https:\/\/radiostudiow.com.br\/site\/wp-json\/wp\/v2\/media\/14373"}],"wp:attachment":[{"href":"https:\/\/radiostudiow.com.br\/site\/wp-json\/wp\/v2\/media?parent=18564"}],"wp:term":[{"taxonomy":"category","embeddable":true,"href":"https:\/\/radiostudiow.com.br\/site\/wp-json\/wp\/v2\/categories?post=18564"},{"taxonomy":"post_tag","embeddable":true,"href":"https:\/\/radiostudiow.com.br\/site\/wp-json\/wp\/v2\/tags?post=18564"}],"curies":[{"name":"wp","href":"https:\/\/api.w.org\/{rel}","templated":true}]}}