{"id":18566,"date":"2024-01-08T11:22:15","date_gmt":"2024-01-08T14:22:15","guid":{"rendered":"https:\/\/radiostudiow.com.br\/site\/?p=18566"},"modified":"2025-01-31T15:02:21","modified_gmt":"2025-01-31T18:02:21","slug":"acidente-na-br-153-entre-general-carneiro-e-bituruna","status":"publish","type":"post","link":"https:\/\/radiostudiow.com.br\/site\/2024\/01\/08\/acidente-na-br-153-entre-general-carneiro-e-bituruna\/","title":{"rendered":"ACIDENTE NA BR-153 ENTRE GENERAL CARNEIRO E BITURUNA"},"content":{"rendered":"\n<p>A equipe do Corpo de Bombeiros da cidade de General Carneiro foi mobilizada no atendimento de uma ocorr\u00eancia de acidente na rodovia por volta das 17:55 horas desse s\u00e1bado (06).<\/p>\n\n\n\n<figure class=\"wp-block-image size-full\"><img decoding=\"async\" src=\"https:\/\/radiostudiow.com.br\/site\/wp-content\/uploads\/2023\/10\/SITE-GRANDE2.png\" alt=\"\" class=\"wp-image-16368\"\/><\/figure>\n\n\n\n<p>De acordo com informa\u00e7\u00f5es, o acidente aconteceu na BR-153, no trevo que liga General Carneiro \u00e0 cidade de Bituruna e envolveu uma Triton\/GLS com placas de Tup\u00e3\/SP e um Ford\/Focus com placas de Uni\u00e3o da Vit\u00f3ria.<\/p>\n\n\n\n<p>Segundo informa\u00e7\u00f5es, o acidente provocou danos em ambos os ve\u00edculos, no entanto, n\u00e3o houve feridos.<\/p>\n\n\n\n<figure class=\"wp-block-image size-full\"><img decoding=\"async\" src=\"https:\/\/radiostudiow.com.br\/site\/wp-content\/uploads\/2023\/10\/SITE-GRANDE5.png\" alt=\"\" class=\"wp-image-16372\"\/><\/figure>\n","protected":false},"excerpt":{"rendered":"<p>A equipe do Corpo de Bombeiros da cidade de General Carneiro foi mobilizada no atendimento de uma ocorr\u00eancia de acidente na rodovia por volta das 17:55 horas desse s\u00e1bado (06). De acordo com informa\u00e7\u00f5es, o acidente aconteceu na BR-153, no trevo que liga General Carneiro \u00e0 cidade de Bituruna e envolveu uma Triton\/GLS com placas [&hellip;]<\/p>\n","protected":false},"author":2,"featured_media":18567,"comment_status":"open","ping_status":"open","sticky":false,"template":"","format":"standard","meta":{"footnotes":""},"categories":[185],"tags":[172],"class_list":["post-18566","post","type-post","status-publish","format-standard","has-post-thumbnail","hentry","category-regional","tag-featured"],"amp_enabled":true,"_links":{"self":[{"href":"https:\/\/radiostudiow.com.br\/site\/wp-json\/wp\/v2\/posts\/18566","targetHints":{"allow":["GET"]}}],"collection":[{"href":"https:\/\/radiostudiow.com.br\/site\/wp-json\/wp\/v2\/posts"}],"about":[{"href":"https:\/\/radiostudiow.com.br\/site\/wp-json\/wp\/v2\/types\/post"}],"author":[{"embeddable":true,"href":"https:\/\/radiostudiow.com.br\/site\/wp-json\/wp\/v2\/users\/2"}],"replies":[{"embeddable":true,"href":"https:\/\/radiostudiow.com.br\/site\/wp-json\/wp\/v2\/comments?post=18566"}],"version-history":[{"count":1,"href":"https:\/\/radiostudiow.com.br\/site\/wp-json\/wp\/v2\/posts\/18566\/revisions"}],"predecessor-version":[{"id":18568,"href":"https:\/\/radiostudiow.com.br\/site\/wp-json\/wp\/v2\/posts\/18566\/revisions\/18568"}],"wp:featuredmedia":[{"embeddable":true,"href":"https:\/\/radiostudiow.com.br\/site\/wp-json\/wp\/v2\/media\/18567"}],"wp:attachment":[{"href":"https:\/\/radiostudiow.com.br\/site\/wp-json\/wp\/v2\/media?parent=18566"}],"wp:term":[{"taxonomy":"category","embeddable":true,"href":"https:\/\/radiostudiow.com.br\/site\/wp-json\/wp\/v2\/categories?post=18566"},{"taxonomy":"post_tag","embeddable":true,"href":"https:\/\/radiostudiow.com.br\/site\/wp-json\/wp\/v2\/tags?post=18566"}],"curies":[{"name":"wp","href":"https:\/\/api.w.org\/{rel}","templated":true}]}}