{"id":18579,"date":"2024-01-08T17:43:30","date_gmt":"2024-01-08T20:43:30","guid":{"rendered":"https:\/\/radiostudiow.com.br\/site\/?p=18579"},"modified":"2025-01-31T15:02:21","modified_gmt":"2025-01-31T18:02:21","slug":"homem-armado-com-revolver-ameaca-ex-mulher-em-antonio-olinto","status":"publish","type":"post","link":"https:\/\/radiostudiow.com.br\/site\/2024\/01\/08\/homem-armado-com-revolver-ameaca-ex-mulher-em-antonio-olinto\/","title":{"rendered":"MULHER \u00c9 AMEA\u00c7ADA PELO EX-MARIDO ARMADO COM REV\u00d3LVER EM ANT\u00d4NIO OLINTO"},"content":{"rendered":"\n<p>A equipe da Pol\u00edcia Militar de Ant\u00f4nio Olinto foi acionada para verificar uma situa\u00e7\u00e3o de amea\u00e7a em Campina de Cima, no qual a v\u00edtima informou que foi amea\u00e7ada pelo seu ex-companheiro nesse domingo (07).<\/p>\n\n\n\n<figure class=\"wp-block-image size-full\"><img loading=\"lazy\" decoding=\"async\" width=\"598\" height=\"204\" src=\"https:\/\/radiostudiow.com.br\/site\/wp-content\/uploads\/2023\/10\/SITE-MEDIO.png\" alt=\"\" class=\"wp-image-16319\" srcset=\"https:\/\/radiostudiow.com.br\/site\/wp-content\/uploads\/2023\/10\/SITE-MEDIO.png 598w, https:\/\/radiostudiow.com.br\/site\/wp-content\/uploads\/2023\/10\/SITE-MEDIO-300x102.png 300w\" sizes=\"auto, (max-width: 598px) 100vw, 598px\" \/><\/figure>\n\n\n\n<p>De acordo com a v\u00edtima o homem disse lhe daria um tiro e lhe mataria. Ressalta-se que a v\u00edtima informou que o homem portava um rev\u00f3lver calibre .22 em sua cintura e que por vezes ficava levantando a camisa mostrando a arma.<\/p>\n\n\n\n<p>O casal possui uma filha em comum, que o homem teria a levado. No local a equipe realizou o patrulhamento, por\u00e9m n\u00e3o obteve \u00eaxito na localiza\u00e7\u00e3o do acusado que estaria com o ve\u00edculo de cor amarela a qual a solicitante n\u00e3o sabia informar placa e modelo.<\/p>\n\n\n\n<figure class=\"wp-block-image size-full\"><img decoding=\"async\" src=\"https:\/\/radiostudiow.com.br\/site\/wp-content\/uploads\/2023\/10\/SITE-GRANDE5.png\" alt=\"\" class=\"wp-image-16372\"\/><\/figure>\n\n\n\n<p>Ressalta-se ainda que a v\u00edtima j\u00e1 possui outro boletim de ocorr\u00eancia com o autor como tamb\u00e9m a medida protetiva. A v\u00edtima foi orientada.<\/p>\n","protected":false},"excerpt":{"rendered":"<p>A equipe da Pol\u00edcia Militar de Ant\u00f4nio Olinto foi acionada para verificar uma situa\u00e7\u00e3o de amea\u00e7a em Campina de Cima, no qual a v\u00edtima informou que foi amea\u00e7ada pelo seu ex-companheiro nesse domingo (07). De acordo com a v\u00edtima o homem disse lhe daria um tiro e lhe mataria. Ressalta-se que a v\u00edtima informou que [&hellip;]<\/p>\n","protected":false},"author":2,"featured_media":0,"comment_status":"open","ping_status":"open","sticky":false,"template":"","format":"standard","meta":{"footnotes":""},"categories":[2],"tags":[172],"class_list":["post-18579","post","type-post","status-publish","format-standard","hentry","category-policial","tag-featured"],"amp_enabled":true,"_links":{"self":[{"href":"https:\/\/radiostudiow.com.br\/site\/wp-json\/wp\/v2\/posts\/18579","targetHints":{"allow":["GET"]}}],"collection":[{"href":"https:\/\/radiostudiow.com.br\/site\/wp-json\/wp\/v2\/posts"}],"about":[{"href":"https:\/\/radiostudiow.com.br\/site\/wp-json\/wp\/v2\/types\/post"}],"author":[{"embeddable":true,"href":"https:\/\/radiostudiow.com.br\/site\/wp-json\/wp\/v2\/users\/2"}],"replies":[{"embeddable":true,"href":"https:\/\/radiostudiow.com.br\/site\/wp-json\/wp\/v2\/comments?post=18579"}],"version-history":[{"count":2,"href":"https:\/\/radiostudiow.com.br\/site\/wp-json\/wp\/v2\/posts\/18579\/revisions"}],"predecessor-version":[{"id":18583,"href":"https:\/\/radiostudiow.com.br\/site\/wp-json\/wp\/v2\/posts\/18579\/revisions\/18583"}],"wp:attachment":[{"href":"https:\/\/radiostudiow.com.br\/site\/wp-json\/wp\/v2\/media?parent=18579"}],"wp:term":[{"taxonomy":"category","embeddable":true,"href":"https:\/\/radiostudiow.com.br\/site\/wp-json\/wp\/v2\/categories?post=18579"},{"taxonomy":"post_tag","embeddable":true,"href":"https:\/\/radiostudiow.com.br\/site\/wp-json\/wp\/v2\/tags?post=18579"}],"curies":[{"name":"wp","href":"https:\/\/api.w.org\/{rel}","templated":true}]}}