{"id":18591,"date":"2024-01-09T09:10:30","date_gmt":"2024-01-09T12:10:30","guid":{"rendered":"https:\/\/radiostudiow.com.br\/site\/?p=18591"},"modified":"2025-01-31T15:02:21","modified_gmt":"2025-01-31T18:02:21","slug":"casal-morador-do-interior-de-mallet-sofre-assalto","status":"publish","type":"post","link":"https:\/\/radiostudiow.com.br\/site\/2024\/01\/09\/casal-morador-do-interior-de-mallet-sofre-assalto\/","title":{"rendered":"CASAL MORADOR DO INTERIOR DE MALLET SOFRE ASSALTO"},"content":{"rendered":"\n<figure class=\"wp-block-image size-full\"><img decoding=\"async\" src=\"https:\/\/radiostudiow.com.br\/site\/wp-content\/uploads\/2023\/10\/SITE-GRANDE5.png\" alt=\"\" class=\"wp-image-16372\"\/><\/figure>\n\n\n\n<p>A equipe da Pol\u00edcia Militar de Mallet, recebeu por volta das 20:30 horas desta segunda-feira dia 08 de janeiro, uma informa\u00e7\u00e3o que teria acabado de ocorrer um roubo em um pesque e pague no Interior do munic\u00edpio.\u00a0<\/p>\n\n\n\n<p>Diante da informa\u00e7\u00e3o foi deslocado at\u00e9 a localidade da Col\u00f4nia Charqueada e em contato com o casal propriet\u00e1rio do estabelecimento, relataram que a v\u00edtima, um senhor chegava na resid\u00eancia e ao desembarcar da sua motocicleta para abrir o port\u00e3o quando foi abordado por dois masculinos encapuzados.<\/p>\n\n\n\n<p>Segundo a descri\u00e7\u00e3o, um assaltante era de baixa estatura e gordo, outro de estatura alta e magro, ambos armados com rev\u00f3lver, os quais lhe deram voz de assalto batendo com a coronha do rev\u00f3lver em sua face.<\/p>\n\n\n\n<p>Ainda de acordo com o Boletim de Ocorr\u00eancia,&nbsp; posteriormente o amorda\u00e7aram e a todo momento exigiam dinheiro amea\u00e7ando matar ele com sua esposa.&nbsp;<\/p>\n\n\n\n<p>As v\u00edtimas foram trancadas na cozinha, enquanto a resid\u00eancia era revirada.&nbsp;<\/p>\n\n\n\n<p>Ap\u00f3s perceberem que os indiv\u00edduos j\u00e1 haviam se evadido do local, sentiram a falta do seu ve\u00edculo FIAT\/Siena Fire, na cor vermelha e cerca de R$ 600,00 (seiscentos reais) em dinheiro e mais dois aparelhos celulares.&nbsp;<\/p>\n\n\n\n<p>A v\u00edtima masculina apresentou uma pequena les\u00e3o na face e um hematoma em seu antebra\u00e7o esquerdo.<\/p>\n\n\n\n<p>J\u00e1 a v\u00edtima feminina, n\u00e3o apresentou les\u00f5es.&nbsp;<\/p>\n\n\n\n<p>Diante ao exposto a equipe policial repassou a situa\u00e7\u00e3o as cidades vizinhas, bem como, iniciou diligencias nas estradas rurais do munic\u00edpio, por\u00e9m sem \u00eaxito na localiza\u00e7\u00e3o dos autores.<\/p>\n\n\n\n<p>Qualquer informa\u00e7\u00e3o que possa levar aos assaltantes, voc\u00ea pode entrar em contato com a Pol\u00edcia Militar atrav\u00e9s do telefone 190 ou ainda pelo 3542 1488.<\/p>\n\n\n\n<p>Sua informa\u00e7\u00e3o e identifica\u00e7\u00e3o ser\u00e1 sigilosa.<\/p>\n\n\n\n<figure class=\"wp-block-image size-full\"><img decoding=\"async\" src=\"https:\/\/radiostudiow.com.br\/site\/wp-content\/uploads\/2022\/05\/NUTRI-MALLET.jpg\" alt=\"\" class=\"wp-image-7282\"\/><\/figure>\n","protected":false},"excerpt":{"rendered":"<p>A equipe da Pol\u00edcia Militar de Mallet, recebeu por volta das 20:30 horas desta segunda-feira dia 08 de janeiro, uma informa\u00e7\u00e3o que teria acabado de ocorrer um roubo em um pesque e pague no Interior do munic\u00edpio.\u00a0 Diante da informa\u00e7\u00e3o foi deslocado at\u00e9 a localidade da Col\u00f4nia Charqueada e em contato com o casal propriet\u00e1rio [&hellip;]<\/p>\n","protected":false},"author":2,"featured_media":18592,"comment_status":"open","ping_status":"open","sticky":false,"template":"","format":"standard","meta":{"footnotes":""},"categories":[184,2],"tags":[172],"class_list":["post-18591","post","type-post","status-publish","format-standard","has-post-thumbnail","hentry","category-local","category-policial","tag-featured"],"amp_enabled":true,"_links":{"self":[{"href":"https:\/\/radiostudiow.com.br\/site\/wp-json\/wp\/v2\/posts\/18591","targetHints":{"allow":["GET"]}}],"collection":[{"href":"https:\/\/radiostudiow.com.br\/site\/wp-json\/wp\/v2\/posts"}],"about":[{"href":"https:\/\/radiostudiow.com.br\/site\/wp-json\/wp\/v2\/types\/post"}],"author":[{"embeddable":true,"href":"https:\/\/radiostudiow.com.br\/site\/wp-json\/wp\/v2\/users\/2"}],"replies":[{"embeddable":true,"href":"https:\/\/radiostudiow.com.br\/site\/wp-json\/wp\/v2\/comments?post=18591"}],"version-history":[{"count":1,"href":"https:\/\/radiostudiow.com.br\/site\/wp-json\/wp\/v2\/posts\/18591\/revisions"}],"predecessor-version":[{"id":18593,"href":"https:\/\/radiostudiow.com.br\/site\/wp-json\/wp\/v2\/posts\/18591\/revisions\/18593"}],"wp:featuredmedia":[{"embeddable":true,"href":"https:\/\/radiostudiow.com.br\/site\/wp-json\/wp\/v2\/media\/18592"}],"wp:attachment":[{"href":"https:\/\/radiostudiow.com.br\/site\/wp-json\/wp\/v2\/media?parent=18591"}],"wp:term":[{"taxonomy":"category","embeddable":true,"href":"https:\/\/radiostudiow.com.br\/site\/wp-json\/wp\/v2\/categories?post=18591"},{"taxonomy":"post_tag","embeddable":true,"href":"https:\/\/radiostudiow.com.br\/site\/wp-json\/wp\/v2\/tags?post=18591"}],"curies":[{"name":"wp","href":"https:\/\/api.w.org\/{rel}","templated":true}]}}