{"id":18603,"date":"2024-01-09T11:00:06","date_gmt":"2024-01-09T14:00:06","guid":{"rendered":"https:\/\/radiostudiow.com.br\/site\/?p=18603"},"modified":"2025-01-31T15:02:21","modified_gmt":"2025-01-31T18:02:21","slug":"mulher-e-esfaqueada-apos-tentativa-de-roubo-em-uniao-da-vitoria","status":"publish","type":"post","link":"https:\/\/radiostudiow.com.br\/site\/2024\/01\/09\/mulher-e-esfaqueada-apos-tentativa-de-roubo-em-uniao-da-vitoria\/","title":{"rendered":"MULHER \u00c9 ESFAQUEADA AP\u00d3S TENTATIVA DE ROUBO EM UNI\u00c3O DA VIT\u00d3RIA"},"content":{"rendered":"\n<p><em><strong>Uma mulher foi v\u00edtima de uma tentativa de roubo em Uni\u00e3o da Vit\u00f3ria e acabou sendo esfaqueada por volta das 00:50 horas da madrugada desta ter\u00e7a-feira (08).<\/strong><\/em><\/p>\n\n\n\n<figure class=\"wp-block-image size-full\"><img loading=\"lazy\" decoding=\"async\" width=\"598\" height=\"204\" src=\"https:\/\/radiostudiow.com.br\/site\/wp-content\/uploads\/2023\/10\/SITE-MEDIO.png\" alt=\"\" class=\"wp-image-16319\" srcset=\"https:\/\/radiostudiow.com.br\/site\/wp-content\/uploads\/2023\/10\/SITE-MEDIO.png 598w, https:\/\/radiostudiow.com.br\/site\/wp-content\/uploads\/2023\/10\/SITE-MEDIO-300x102.png 300w\" sizes=\"auto, (max-width: 598px) 100vw, 598px\" \/><\/figure>\n\n\n\n<p>De acordo com a v\u00edtima, ela estava caminhando pela rua Santos Dumont, na \u00e1rea central quando um homem de bicicleta se aproximou e come\u00e7ou a conversar. Em certo momento, ele anunciou o assalto e pediu que ela entregasse a bolsa.<\/p>\n\n\n\n<p>Diante da recusa, ele atacou a v\u00edtima com uma faca, causando um ferimento no bra\u00e7o. Quando foi atacada a mulher passou a gritar e o assaltante acabou fugindo sem levar nada.<\/p>\n\n\n\n<p>A v\u00edtima precisou ser encaminhada para a Unidade de Pronto Atendimento para receber cuidados m\u00e9dicos.<\/p>\n\n\n\n<figure class=\"wp-block-image size-full\"><img decoding=\"async\" src=\"https:\/\/radiostudiow.com.br\/site\/wp-content\/uploads\/2023\/10\/SITE-GRANDE5.png\" alt=\"\" class=\"wp-image-16372\"\/><\/figure>\n\n\n\n<p><strong>Conforme a v\u00edtima, a pouca ilumina\u00e7\u00e3o na rua impediu que percebesse maiores detalhes sobre o autor, o qual era aparentemente alto, moreno de bigode e estava com bon\u00e9.<\/strong><\/p>\n","protected":false},"excerpt":{"rendered":"<p>Uma mulher foi v\u00edtima de uma tentativa de roubo em Uni\u00e3o da Vit\u00f3ria e acabou sendo esfaqueada por volta das 00:50 horas da madrugada desta ter\u00e7a-feira (08). De acordo com a v\u00edtima, ela estava caminhando pela rua Santos Dumont, na \u00e1rea central quando um homem de bicicleta se aproximou e come\u00e7ou a conversar. Em certo [&hellip;]<\/p>\n","protected":false},"author":2,"featured_media":11623,"comment_status":"open","ping_status":"open","sticky":false,"template":"","format":"standard","meta":{"footnotes":""},"categories":[2],"tags":[172],"class_list":["post-18603","post","type-post","status-publish","format-standard","has-post-thumbnail","hentry","category-policial","tag-featured"],"amp_enabled":true,"_links":{"self":[{"href":"https:\/\/radiostudiow.com.br\/site\/wp-json\/wp\/v2\/posts\/18603","targetHints":{"allow":["GET"]}}],"collection":[{"href":"https:\/\/radiostudiow.com.br\/site\/wp-json\/wp\/v2\/posts"}],"about":[{"href":"https:\/\/radiostudiow.com.br\/site\/wp-json\/wp\/v2\/types\/post"}],"author":[{"embeddable":true,"href":"https:\/\/radiostudiow.com.br\/site\/wp-json\/wp\/v2\/users\/2"}],"replies":[{"embeddable":true,"href":"https:\/\/radiostudiow.com.br\/site\/wp-json\/wp\/v2\/comments?post=18603"}],"version-history":[{"count":1,"href":"https:\/\/radiostudiow.com.br\/site\/wp-json\/wp\/v2\/posts\/18603\/revisions"}],"predecessor-version":[{"id":18604,"href":"https:\/\/radiostudiow.com.br\/site\/wp-json\/wp\/v2\/posts\/18603\/revisions\/18604"}],"wp:featuredmedia":[{"embeddable":true,"href":"https:\/\/radiostudiow.com.br\/site\/wp-json\/wp\/v2\/media\/11623"}],"wp:attachment":[{"href":"https:\/\/radiostudiow.com.br\/site\/wp-json\/wp\/v2\/media?parent=18603"}],"wp:term":[{"taxonomy":"category","embeddable":true,"href":"https:\/\/radiostudiow.com.br\/site\/wp-json\/wp\/v2\/categories?post=18603"},{"taxonomy":"post_tag","embeddable":true,"href":"https:\/\/radiostudiow.com.br\/site\/wp-json\/wp\/v2\/tags?post=18603"}],"curies":[{"name":"wp","href":"https:\/\/api.w.org\/{rel}","templated":true}]}}