{"id":18612,"date":"2024-01-09T21:04:43","date_gmt":"2024-01-10T00:04:43","guid":{"rendered":"https:\/\/radiostudiow.com.br\/site\/?p=18612"},"modified":"2025-01-31T15:02:21","modified_gmt":"2025-01-31T18:02:21","slug":"morador-de-general-carneiro-comete-suicidio-com-disparo-de-arma-de-fogo","status":"publish","type":"post","link":"https:\/\/radiostudiow.com.br\/site\/2024\/01\/09\/morador-de-general-carneiro-comete-suicidio-com-disparo-de-arma-de-fogo\/","title":{"rendered":"Morador de General Carneiro comete suic\u00eddio com disparo de arma de fogo"},"content":{"rendered":"\n<p>Equipes da SAMU e da Pol\u00edcia Militar do 27\u00ba Batalh\u00e3o registraram mais um su\u00edcidio na regi\u00e3o. A trag\u00e9dia desta vez ocorreu na cidade de General Carneiro onde um homem tirou a pr\u00f3pria vida.<\/p>\n\n\n\n<figure class=\"wp-block-image size-full\"><img decoding=\"async\" src=\"https:\/\/radiostudiow.com.br\/site\/wp-content\/uploads\/2023\/10\/SITE-GRANDE-1.png\" alt=\"\" class=\"wp-image-16374\"\/><\/figure>\n\n\n\n<p>Conforme as primeiras informa\u00e7\u00f5es apuradas pela reportagem do Canal 4 TV, um homem de aproximadamente 32 anos de idade, identificado pelas iniciais \u201cV. L. L.\u201d utilizou uma arma de fogo para atirar na pr\u00f3pria boca. O suic\u00eddio teria ocorrido em sua casa na Avenida Presidente Get\u00falio Vargas, na \u00e1rea central.<\/p>\n\n\n\n<p>O SAMU foi acionado, mas a v\u00edtima n\u00e3o resistiu e entrou em \u00f3bito. O Institutos M\u00e9dico Legal \u2013 IML de Uni\u00e3o da Vit\u00f3ria foi acionado para recolher o corpo.<\/p>\n\n\n\n<figure class=\"wp-block-image size-full\"><img loading=\"lazy\" decoding=\"async\" width=\"598\" height=\"204\" src=\"https:\/\/radiostudiow.com.br\/site\/wp-content\/uploads\/2023\/12\/SITE-MEDIO4.png\" alt=\"\" class=\"wp-image-17598\" srcset=\"https:\/\/radiostudiow.com.br\/site\/wp-content\/uploads\/2023\/12\/SITE-MEDIO4.png 598w, https:\/\/radiostudiow.com.br\/site\/wp-content\/uploads\/2023\/12\/SITE-MEDIO4-300x102.png 300w\" sizes=\"auto, (max-width: 598px) 100vw, 598px\" \/><\/figure>\n","protected":false},"excerpt":{"rendered":"<p>Equipes da SAMU e da Pol\u00edcia Militar do 27\u00ba Batalh\u00e3o registraram mais um su\u00edcidio na regi\u00e3o. A trag\u00e9dia desta vez ocorreu na cidade de General Carneiro onde um homem tirou a pr\u00f3pria vida. Conforme as primeiras informa\u00e7\u00f5es apuradas pela reportagem do Canal 4 TV, um homem de aproximadamente 32 anos de idade, identificado pelas iniciais [&hellip;]<\/p>\n","protected":false},"author":2,"featured_media":9268,"comment_status":"open","ping_status":"open","sticky":false,"template":"","format":"standard","meta":{"footnotes":""},"categories":[185],"tags":[172],"class_list":["post-18612","post","type-post","status-publish","format-standard","has-post-thumbnail","hentry","category-regional","tag-featured"],"amp_enabled":true,"_links":{"self":[{"href":"https:\/\/radiostudiow.com.br\/site\/wp-json\/wp\/v2\/posts\/18612","targetHints":{"allow":["GET"]}}],"collection":[{"href":"https:\/\/radiostudiow.com.br\/site\/wp-json\/wp\/v2\/posts"}],"about":[{"href":"https:\/\/radiostudiow.com.br\/site\/wp-json\/wp\/v2\/types\/post"}],"author":[{"embeddable":true,"href":"https:\/\/radiostudiow.com.br\/site\/wp-json\/wp\/v2\/users\/2"}],"replies":[{"embeddable":true,"href":"https:\/\/radiostudiow.com.br\/site\/wp-json\/wp\/v2\/comments?post=18612"}],"version-history":[{"count":1,"href":"https:\/\/radiostudiow.com.br\/site\/wp-json\/wp\/v2\/posts\/18612\/revisions"}],"predecessor-version":[{"id":18613,"href":"https:\/\/radiostudiow.com.br\/site\/wp-json\/wp\/v2\/posts\/18612\/revisions\/18613"}],"wp:featuredmedia":[{"embeddable":true,"href":"https:\/\/radiostudiow.com.br\/site\/wp-json\/wp\/v2\/media\/9268"}],"wp:attachment":[{"href":"https:\/\/radiostudiow.com.br\/site\/wp-json\/wp\/v2\/media?parent=18612"}],"wp:term":[{"taxonomy":"category","embeddable":true,"href":"https:\/\/radiostudiow.com.br\/site\/wp-json\/wp\/v2\/categories?post=18612"},{"taxonomy":"post_tag","embeddable":true,"href":"https:\/\/radiostudiow.com.br\/site\/wp-json\/wp\/v2\/tags?post=18612"}],"curies":[{"name":"wp","href":"https:\/\/api.w.org\/{rel}","templated":true}]}}