{"id":18621,"date":"2024-01-10T11:45:42","date_gmt":"2024-01-10T14:45:42","guid":{"rendered":"https:\/\/radiostudiow.com.br\/site\/?p=18621"},"modified":"2025-01-31T15:02:21","modified_gmt":"2025-01-31T18:02:21","slug":"motociclista-e-flagrado-guiando-moto-sem-retrovisor-de-chinelo-e-sem-viseira-em-sao-mateus-do-sul","status":"publish","type":"post","link":"https:\/\/radiostudiow.com.br\/site\/2024\/01\/10\/motociclista-e-flagrado-guiando-moto-sem-retrovisor-de-chinelo-e-sem-viseira-em-sao-mateus-do-sul\/","title":{"rendered":"Motociclista \u00e9 flagrado guiando moto sem retrovisor, de chinelo e sem viseira em S\u00e3o Mateus do Sul"},"content":{"rendered":"\n<p>A equipe da Pol\u00edcia Militar de S\u00e3o Mateus do Sul estava em patrulhamento na Rua Jo\u00e3o Crevelin Sobrinho quando avistou um motociclista conduzindo uma motocicleta CG 150 sem retrovisor e sistema el\u00e9trico inoperante por volta das 13:50 horas de ter\u00e7a-feira (9).<\/p>\n\n\n\n<figure class=\"wp-block-image size-large\"><img decoding=\"async\" src=\"https:\/\/radiostudiow.com.br\/site\/wp-content\/uploads\/2024\/01\/image-5-1024x379.png\" alt=\"\" class=\"wp-image-18395\"\/><\/figure>\n\n\n\n<p><\/p>\n\n\n\n<p>O condutor tamb\u00e9m estava de chinelos e capacete sem viseira ou seja, sem prote\u00e7\u00e3o ocular. Dado voz de abordagem na busca pessoal nada de il\u00edcito encontrado.<\/p>\n\n\n\n<p>Em consulta aos sistemas de investiga\u00e7\u00e3o foi constatado que a motocicleta possu\u00eda d\u00e9bitos de licenciamento e IPVA, diante dos fatos o condutor foi conduzido a sede da Pol\u00edcia Civil para procedimentos administrativos.<\/p>\n\n\n\n<figure class=\"wp-block-image size-full\"><img decoding=\"async\" src=\"https:\/\/radiostudiow.com.br\/site\/wp-content\/uploads\/2023\/10\/SITE-GRANDE5.png\" alt=\"\" class=\"wp-image-16372\"\/><\/figure>\n","protected":false},"excerpt":{"rendered":"<p>A equipe da Pol\u00edcia Militar de S\u00e3o Mateus do Sul estava em patrulhamento na Rua Jo\u00e3o Crevelin Sobrinho quando avistou um motociclista conduzindo uma motocicleta CG 150 sem retrovisor e sistema el\u00e9trico inoperante por volta das 13:50 horas de ter\u00e7a-feira (9). O condutor tamb\u00e9m estava de chinelos e capacete sem viseira ou seja, sem prote\u00e7\u00e3o [&hellip;]<\/p>\n","protected":false},"author":2,"featured_media":15416,"comment_status":"open","ping_status":"open","sticky":false,"template":"","format":"standard","meta":{"footnotes":""},"categories":[2],"tags":[172],"class_list":["post-18621","post","type-post","status-publish","format-standard","has-post-thumbnail","hentry","category-policial","tag-featured"],"amp_enabled":true,"_links":{"self":[{"href":"https:\/\/radiostudiow.com.br\/site\/wp-json\/wp\/v2\/posts\/18621","targetHints":{"allow":["GET"]}}],"collection":[{"href":"https:\/\/radiostudiow.com.br\/site\/wp-json\/wp\/v2\/posts"}],"about":[{"href":"https:\/\/radiostudiow.com.br\/site\/wp-json\/wp\/v2\/types\/post"}],"author":[{"embeddable":true,"href":"https:\/\/radiostudiow.com.br\/site\/wp-json\/wp\/v2\/users\/2"}],"replies":[{"embeddable":true,"href":"https:\/\/radiostudiow.com.br\/site\/wp-json\/wp\/v2\/comments?post=18621"}],"version-history":[{"count":1,"href":"https:\/\/radiostudiow.com.br\/site\/wp-json\/wp\/v2\/posts\/18621\/revisions"}],"predecessor-version":[{"id":18622,"href":"https:\/\/radiostudiow.com.br\/site\/wp-json\/wp\/v2\/posts\/18621\/revisions\/18622"}],"wp:featuredmedia":[{"embeddable":true,"href":"https:\/\/radiostudiow.com.br\/site\/wp-json\/wp\/v2\/media\/15416"}],"wp:attachment":[{"href":"https:\/\/radiostudiow.com.br\/site\/wp-json\/wp\/v2\/media?parent=18621"}],"wp:term":[{"taxonomy":"category","embeddable":true,"href":"https:\/\/radiostudiow.com.br\/site\/wp-json\/wp\/v2\/categories?post=18621"},{"taxonomy":"post_tag","embeddable":true,"href":"https:\/\/radiostudiow.com.br\/site\/wp-json\/wp\/v2\/tags?post=18621"}],"curies":[{"name":"wp","href":"https:\/\/api.w.org\/{rel}","templated":true}]}}