{"id":18632,"date":"2024-01-10T19:50:37","date_gmt":"2024-01-10T22:50:37","guid":{"rendered":"https:\/\/radiostudiow.com.br\/site\/?p=18632"},"modified":"2025-01-31T15:02:21","modified_gmt":"2025-01-31T18:02:21","slug":"pes-de-erva-mate-sao-furtados-de-plantacao-em-general-carneiro","status":"publish","type":"post","link":"https:\/\/radiostudiow.com.br\/site\/2024\/01\/10\/pes-de-erva-mate-sao-furtados-de-plantacao-em-general-carneiro\/","title":{"rendered":"P\u00e9s de erva-mate s\u00e3o furtados de planta\u00e7\u00e3o em General Carneiro"},"content":{"rendered":"\n<p>Um senhor compareceu ao Pelot\u00e3o da Pol\u00edcia Militar de General Carneiro por volta das 19:26 horas dessa ter\u00e7a-feira, 09 de janeiro, relatando uma situa\u00e7\u00e3o de furto.<\/p>\n\n\n\n<figure class=\"wp-block-image size-full\"><img loading=\"lazy\" decoding=\"async\" width=\"598\" height=\"204\" src=\"https:\/\/radiostudiow.com.br\/site\/wp-content\/uploads\/2023\/12\/SITE-MEDIO4.png\" alt=\"\" class=\"wp-image-17598\" srcset=\"https:\/\/radiostudiow.com.br\/site\/wp-content\/uploads\/2023\/12\/SITE-MEDIO4.png 598w, https:\/\/radiostudiow.com.br\/site\/wp-content\/uploads\/2023\/12\/SITE-MEDIO4-300x102.png 300w\" sizes=\"auto, (max-width: 598px) 100vw, 598px\" \/><\/figure>\n\n\n\n<p>A v\u00edtima passou a relatar que saiu no per\u00edodo de manh\u00e3 para fazer um bico e quando voltou no final da tarde, pr\u00f3ximo \u00e0s 18:00 horas, encontrou seu sogro, que pediu se o mesmo havia feito a colheita dos p\u00e9s de erva mate que \u00e9 de sua propriedade.<\/p>\n\n\n\n<p>A v\u00edtima foi at\u00e9 o local onde se encontrava a planta\u00e7\u00e3o de erva mate e constatou que haviam sido furtado.<\/p>\n\n\n\n<figure class=\"wp-block-image size-full\"><img decoding=\"async\" src=\"https:\/\/radiostudiow.com.br\/site\/wp-content\/uploads\/2023\/10\/SITE-GRANDE5.png\" alt=\"\" class=\"wp-image-16372\"\/><\/figure>\n\n\n\n<p>Diante da situa\u00e7\u00e3o a v\u00edtima recebeu orienta\u00e7\u00e3o da equipe policial e foi confeccionado o Boletim de Ocorr\u00eancia e os procedimentos cab\u00edveis.<\/p>\n","protected":false},"excerpt":{"rendered":"<p>Um senhor compareceu ao Pelot\u00e3o da Pol\u00edcia Militar de General Carneiro por volta das 19:26 horas dessa ter\u00e7a-feira, 09 de janeiro, relatando uma situa\u00e7\u00e3o de furto. A v\u00edtima passou a relatar que saiu no per\u00edodo de manh\u00e3 para fazer um bico e quando voltou no final da tarde, pr\u00f3ximo \u00e0s 18:00 horas, encontrou seu sogro, [&hellip;]<\/p>\n","protected":false},"author":2,"featured_media":13773,"comment_status":"open","ping_status":"open","sticky":false,"template":"","format":"standard","meta":{"footnotes":""},"categories":[2],"tags":[172],"class_list":["post-18632","post","type-post","status-publish","format-standard","has-post-thumbnail","hentry","category-policial","tag-featured"],"amp_enabled":true,"_links":{"self":[{"href":"https:\/\/radiostudiow.com.br\/site\/wp-json\/wp\/v2\/posts\/18632","targetHints":{"allow":["GET"]}}],"collection":[{"href":"https:\/\/radiostudiow.com.br\/site\/wp-json\/wp\/v2\/posts"}],"about":[{"href":"https:\/\/radiostudiow.com.br\/site\/wp-json\/wp\/v2\/types\/post"}],"author":[{"embeddable":true,"href":"https:\/\/radiostudiow.com.br\/site\/wp-json\/wp\/v2\/users\/2"}],"replies":[{"embeddable":true,"href":"https:\/\/radiostudiow.com.br\/site\/wp-json\/wp\/v2\/comments?post=18632"}],"version-history":[{"count":2,"href":"https:\/\/radiostudiow.com.br\/site\/wp-json\/wp\/v2\/posts\/18632\/revisions"}],"predecessor-version":[{"id":18634,"href":"https:\/\/radiostudiow.com.br\/site\/wp-json\/wp\/v2\/posts\/18632\/revisions\/18634"}],"wp:featuredmedia":[{"embeddable":true,"href":"https:\/\/radiostudiow.com.br\/site\/wp-json\/wp\/v2\/media\/13773"}],"wp:attachment":[{"href":"https:\/\/radiostudiow.com.br\/site\/wp-json\/wp\/v2\/media?parent=18632"}],"wp:term":[{"taxonomy":"category","embeddable":true,"href":"https:\/\/radiostudiow.com.br\/site\/wp-json\/wp\/v2\/categories?post=18632"},{"taxonomy":"post_tag","embeddable":true,"href":"https:\/\/radiostudiow.com.br\/site\/wp-json\/wp\/v2\/tags?post=18632"}],"curies":[{"name":"wp","href":"https:\/\/api.w.org\/{rel}","templated":true}]}}