{"id":18641,"date":"2024-01-11T10:35:54","date_gmt":"2024-01-11T13:35:54","guid":{"rendered":"https:\/\/radiostudiow.com.br\/site\/?p=18641"},"modified":"2025-01-31T15:02:21","modified_gmt":"2025-01-31T18:02:21","slug":"homem-e-preso-em-flagrante-apos-agredir-a-propria-mae-em-mallet","status":"publish","type":"post","link":"https:\/\/radiostudiow.com.br\/site\/2024\/01\/11\/homem-e-preso-em-flagrante-apos-agredir-a-propria-mae-em-mallet\/","title":{"rendered":"Homem \u00e9 preso em flagrante ap\u00f3s agredir a pr\u00f3pria m\u00e3e em Mallet"},"content":{"rendered":"\n<p>Por volta das 12:00 horas dessa quarta-feira, 10 de Janeiro, uma senhora acionou a equipe da Pol\u00edcia Militar de Mallet para se deslocar at\u00e9 a sua resid\u00eancia aonde estava ocorrendo uma situa\u00e7\u00e3o de viol\u00eancia dom\u00e9stica e familiar.<\/p>\n\n\n\n<figure class=\"wp-block-image size-full is-resized\"><img loading=\"lazy\" decoding=\"async\" width=\"897\" height=\"204\" src=\"https:\/\/radiostudiow.com.br\/site\/wp-content\/uploads\/2023\/10\/SITE-GRANDE.png\" alt=\"\" class=\"wp-image-16338\" style=\"width:739px;height:auto\" srcset=\"https:\/\/radiostudiow.com.br\/site\/wp-content\/uploads\/2023\/10\/SITE-GRANDE.png 897w, https:\/\/radiostudiow.com.br\/site\/wp-content\/uploads\/2023\/10\/SITE-GRANDE-300x68.png 300w, https:\/\/radiostudiow.com.br\/site\/wp-content\/uploads\/2023\/10\/SITE-GRANDE-768x175.png 768w\" sizes=\"auto, (max-width: 897px) 100vw, 897px\" \/><\/figure>\n\n\n\n<p>No local, em contato com a senhora, foi constatado que seu filho estava fazendo uso de bebidas alco\u00f3licas e posteriormente a agrediu com empurr\u00f5es, apertando seu pulso e tirando fora do lugar segundo ela.<\/p>\n\n\n\n<p>A equipe policial realizou a abordagem do autor, o qual recebeu voz de pris\u00e3o em flagrante.<\/p>\n\n\n\n<figure class=\"wp-block-image size-full\"><img decoding=\"async\" src=\"https:\/\/radiostudiow.com.br\/site\/wp-content\/uploads\/2023\/10\/SITE-GRANDE5.png\" alt=\"\" class=\"wp-image-16372\"\/><\/figure>\n\n\n\n<p>Diante das les\u00f5es relatadas pela v\u00edtima, foram lidos os direitos e conduzidos para a Delegacia de Mallet para as provid\u00eancia cab\u00edveis.<\/p>\n","protected":false},"excerpt":{"rendered":"<p>Por volta das 12:00 horas dessa quarta-feira, 10 de Janeiro, uma senhora acionou a equipe da Pol\u00edcia Militar de Mallet para se deslocar at\u00e9 a sua resid\u00eancia aonde estava ocorrendo uma situa\u00e7\u00e3o de viol\u00eancia dom\u00e9stica e familiar. No local, em contato com a senhora, foi constatado que seu filho estava fazendo uso de bebidas alco\u00f3licas [&hellip;]<\/p>\n","protected":false},"author":2,"featured_media":13458,"comment_status":"open","ping_status":"open","sticky":false,"template":"","format":"standard","meta":{"footnotes":""},"categories":[2],"tags":[172],"class_list":["post-18641","post","type-post","status-publish","format-standard","has-post-thumbnail","hentry","category-policial","tag-featured"],"amp_enabled":true,"_links":{"self":[{"href":"https:\/\/radiostudiow.com.br\/site\/wp-json\/wp\/v2\/posts\/18641","targetHints":{"allow":["GET"]}}],"collection":[{"href":"https:\/\/radiostudiow.com.br\/site\/wp-json\/wp\/v2\/posts"}],"about":[{"href":"https:\/\/radiostudiow.com.br\/site\/wp-json\/wp\/v2\/types\/post"}],"author":[{"embeddable":true,"href":"https:\/\/radiostudiow.com.br\/site\/wp-json\/wp\/v2\/users\/2"}],"replies":[{"embeddable":true,"href":"https:\/\/radiostudiow.com.br\/site\/wp-json\/wp\/v2\/comments?post=18641"}],"version-history":[{"count":1,"href":"https:\/\/radiostudiow.com.br\/site\/wp-json\/wp\/v2\/posts\/18641\/revisions"}],"predecessor-version":[{"id":18642,"href":"https:\/\/radiostudiow.com.br\/site\/wp-json\/wp\/v2\/posts\/18641\/revisions\/18642"}],"wp:featuredmedia":[{"embeddable":true,"href":"https:\/\/radiostudiow.com.br\/site\/wp-json\/wp\/v2\/media\/13458"}],"wp:attachment":[{"href":"https:\/\/radiostudiow.com.br\/site\/wp-json\/wp\/v2\/media?parent=18641"}],"wp:term":[{"taxonomy":"category","embeddable":true,"href":"https:\/\/radiostudiow.com.br\/site\/wp-json\/wp\/v2\/categories?post=18641"},{"taxonomy":"post_tag","embeddable":true,"href":"https:\/\/radiostudiow.com.br\/site\/wp-json\/wp\/v2\/tags?post=18641"}],"curies":[{"name":"wp","href":"https:\/\/api.w.org\/{rel}","templated":true}]}}