{"id":18643,"date":"2024-01-11T12:15:06","date_gmt":"2024-01-11T15:15:06","guid":{"rendered":"https:\/\/radiostudiow.com.br\/site\/?p=18643"},"modified":"2025-01-31T15:02:20","modified_gmt":"2025-01-31T18:02:20","slug":"homem-procura-a-policia-militar-apos-ser-perseguido-e-esfaqueado-em-mallet","status":"publish","type":"post","link":"https:\/\/radiostudiow.com.br\/site\/2024\/01\/11\/homem-procura-a-policia-militar-apos-ser-perseguido-e-esfaqueado-em-mallet\/","title":{"rendered":"HOMEM PROCURA A POL\u00cdCIA MILITAR AP\u00d3S SER PERSEGUIDO E ESFAQUEADO EM MALLET"},"content":{"rendered":"\n<p>Um senhor compareceu ao Pelot\u00e3o da Pol\u00edcia Militar de Mallet relatando que teria sido v\u00edtima de um esfaqueamento.<\/p>\n\n\n\n<p>O fato teria ocorrido por volta das 20:30 horas desta quarta-feira (10).<\/p>\n\n\n\n<figure class=\"wp-block-image size-full\"><img decoding=\"async\" src=\"https:\/\/radiostudiow.com.br\/site\/wp-content\/uploads\/2023\/10\/SITE-GRANDE5.png\" alt=\"\" class=\"wp-image-16372\"\/><\/figure>\n\n\n\n<p>De acordo com o solicitante, ele havia levado seu filho na casa da sua ex-mulher no bairro Jardim Em\u00edlia e quando saiu da resid\u00eancia percebeu que um ve\u00edculo Celta, de cor preta, come\u00e7ou a lhe seguir e buzinar com a inten\u00e7\u00e3o de que ele parasse o carro.<\/p>\n\n\n\n<p>Ap\u00f3s algumas quadras e diante da insist\u00eancia do ve\u00edculo suspeito, a v\u00edtima parou na via.<\/p>\n\n\n\n<p>Momento em que o autor desceu do autom\u00f3vel e partiu para cima do solicitante com uma faca e atingiu seu corpo, gerando um corte no peito.<\/p>\n\n\n\n<figure class=\"wp-block-image size-full\"><img loading=\"lazy\" decoding=\"async\" width=\"897\" height=\"204\" src=\"https:\/\/radiostudiow.com.br\/site\/wp-content\/uploads\/2023\/10\/SITE-GRANDE3.png\" alt=\"\" class=\"wp-image-16341\" srcset=\"https:\/\/radiostudiow.com.br\/site\/wp-content\/uploads\/2023\/10\/SITE-GRANDE3.png 897w, https:\/\/radiostudiow.com.br\/site\/wp-content\/uploads\/2023\/10\/SITE-GRANDE3-300x68.png 300w, https:\/\/radiostudiow.com.br\/site\/wp-content\/uploads\/2023\/10\/SITE-GRANDE3-768x175.png 768w\" sizes=\"auto, (max-width: 897px) 100vw, 897px\" \/><\/figure>\n\n\n\n<p>Diante da situa\u00e7\u00e3o a v\u00edtima correu pedindo socorro e saiu do local, n\u00e3o avistando a rota de fuga que o autor teria tomado.<\/p>\n","protected":false},"excerpt":{"rendered":"<p>Um senhor compareceu ao Pelot\u00e3o da Pol\u00edcia Militar de Mallet relatando que teria sido v\u00edtima de um esfaqueamento. O fato teria ocorrido por volta das 20:30 horas desta quarta-feira (10). De acordo com o solicitante, ele havia levado seu filho na casa da sua ex-mulher no bairro Jardim Em\u00edlia e quando saiu da resid\u00eancia percebeu [&hellip;]<\/p>\n","protected":false},"author":2,"featured_media":12720,"comment_status":"open","ping_status":"open","sticky":false,"template":"","format":"standard","meta":{"footnotes":""},"categories":[2],"tags":[172],"class_list":["post-18643","post","type-post","status-publish","format-standard","has-post-thumbnail","hentry","category-policial","tag-featured"],"amp_enabled":true,"_links":{"self":[{"href":"https:\/\/radiostudiow.com.br\/site\/wp-json\/wp\/v2\/posts\/18643","targetHints":{"allow":["GET"]}}],"collection":[{"href":"https:\/\/radiostudiow.com.br\/site\/wp-json\/wp\/v2\/posts"}],"about":[{"href":"https:\/\/radiostudiow.com.br\/site\/wp-json\/wp\/v2\/types\/post"}],"author":[{"embeddable":true,"href":"https:\/\/radiostudiow.com.br\/site\/wp-json\/wp\/v2\/users\/2"}],"replies":[{"embeddable":true,"href":"https:\/\/radiostudiow.com.br\/site\/wp-json\/wp\/v2\/comments?post=18643"}],"version-history":[{"count":3,"href":"https:\/\/radiostudiow.com.br\/site\/wp-json\/wp\/v2\/posts\/18643\/revisions"}],"predecessor-version":[{"id":18655,"href":"https:\/\/radiostudiow.com.br\/site\/wp-json\/wp\/v2\/posts\/18643\/revisions\/18655"}],"wp:featuredmedia":[{"embeddable":true,"href":"https:\/\/radiostudiow.com.br\/site\/wp-json\/wp\/v2\/media\/12720"}],"wp:attachment":[{"href":"https:\/\/radiostudiow.com.br\/site\/wp-json\/wp\/v2\/media?parent=18643"}],"wp:term":[{"taxonomy":"category","embeddable":true,"href":"https:\/\/radiostudiow.com.br\/site\/wp-json\/wp\/v2\/categories?post=18643"},{"taxonomy":"post_tag","embeddable":true,"href":"https:\/\/radiostudiow.com.br\/site\/wp-json\/wp\/v2\/tags?post=18643"}],"curies":[{"name":"wp","href":"https:\/\/api.w.org\/{rel}","templated":true}]}}