{"id":18645,"date":"2024-01-11T10:42:56","date_gmt":"2024-01-11T13:42:56","guid":{"rendered":"https:\/\/radiostudiow.com.br\/site\/?p=18645"},"modified":"2025-01-31T15:02:21","modified_gmt":"2025-01-31T18:02:21","slug":"justica-de-sc-condena-tutora-que-viajou-e-deixou-cao-morrer-trancado-no-apartamento-em-porto-uniao","status":"publish","type":"post","link":"https:\/\/radiostudiow.com.br\/site\/2024\/01\/11\/justica-de-sc-condena-tutora-que-viajou-e-deixou-cao-morrer-trancado-no-apartamento-em-porto-uniao\/","title":{"rendered":"Justi\u00e7a de SC condena tutora que viajou e deixou c\u00e3o morrer trancado no apartamento em Porto Uni\u00e3o"},"content":{"rendered":"\n<p><strong><em>Uma mulher moradora da cidade de Porto Uni\u00e3o foi condenada por maus-tratos que resultaram na morte de seu animal de estima\u00e7\u00e3o, ap\u00f3s ficar trancado em um apartamento \u2013 sem cuidados e em p\u00e9ssimas condi\u00e7\u00f5es de higiene \u2013 enquanto a tutora viajava.<\/em><\/strong><\/p>\n\n\n\n<figure class=\"wp-block-image size-large\"><img decoding=\"async\" src=\"https:\/\/radiostudiow.com.br\/site\/wp-content\/uploads\/2024\/01\/image-5-1024x379.png\" alt=\"\" class=\"wp-image-18395\"\/><\/figure>\n\n\n\n<p>A pena aplicada, de tr\u00eas meses e 15 dias de deten\u00e7\u00e3o e pagamento de 11 dias-multa, foi substitu\u00edda por uma restritiva de direito, com a obriga\u00e7\u00e3o de presta\u00e7\u00e3o de servi\u00e7os \u00e0 comunidade por tempo igual ao da pena corp\u00f3rea e \u00e0 raz\u00e3o de uma hora de tarefa por dia de condena\u00e7\u00e3o. A decis\u00e3o partiu da Vara Criminal da comarca de Porto Uni\u00e3o.<\/p>\n\n\n\n<p>A v\u00edtima era um c\u00e3o da ra\u00e7a Akita, que j\u00e1 tinha restri\u00e7\u00e3o de mobilidade por comorbidade anterior. A neglig\u00eancia s\u00f3 foi descoberta com o acionamento da pol\u00edcia por reclama\u00e7\u00f5es de vizinhos sobre o forte odor que vinha do im\u00f3vel. O animal foi encontrado sem vida em janeiro de 2020, em um ambiente inadequado e em estado de decomposi\u00e7\u00e3o \u2013 morrera h\u00e1 cerca de quatro dias. A materialidade e a autoria do fato foram comprovadas pela comunica\u00e7\u00e3o de ocorr\u00eancia policial, laudo de encontro de cad\u00e1ver animal e fotografias, bem como pelos depoimentos prestados em fase inquisitiva e em ju\u00edzo.<\/p>\n\n\n\n<p>O primo da r\u00e9 narrou que a parente viajou e deixou o cachorro trancado no apartamento. Com o transcorrer do tempo, o animal morreu e come\u00e7ou a apodrecer. Os vizinhos n\u00e3o suportaram o odor que se espalhou pelo pr\u00e9dio e pediram provid\u00eancias ao parente, que mora no mesmo edif\u00edcio e atua como s\u00edndico. Ele lembra que havia inclusive a suspeita de morte da pr\u00f3pria r\u00e9 no local e por essa raz\u00e3o acionou a pol\u00edcia, que arrombou a porta e encontrou o cachorro morto. O relato foi confirmado pelo policial militar que atendeu a ocorr\u00eancia.<\/p>\n\n\n\n<figure class=\"wp-block-image size-full\"><img decoding=\"async\" src=\"https:\/\/radiostudiow.com.br\/site\/wp-content\/uploads\/2023\/10\/SITE-GRANDE5.png\" alt=\"\" class=\"wp-image-16372\"\/><\/figure>\n\n\n\n<p>Anexado ao processo, o laudo de encontro de cad\u00e1ver animal tamb\u00e9m ajudou na defini\u00e7\u00e3o do caso. O documento confirma patologia nos membros posteriores do c\u00e3o, o que exigia cuidados. <em><strong>\u201cContribuiu para o \u00f3bito o ambiente inadequado para manuten\u00e7\u00e3o do c\u00e3o com restri\u00e7\u00e3o de mobilidade, a higiene do local onde ele se encontrava e a poss\u00edvel falta de tratamento cl\u00ednico adequado\u201d.<\/strong><\/em> Citada, a r\u00e9 teve revelia decretada em virtude da altera\u00e7\u00e3o de endere\u00e7o sem pr\u00e9via comunica\u00e7\u00e3o.<\/p>\n\n\n\n<p><strong><em>\u201cPor todos os elementos colhidos, \u00e9 indubit\u00e1vel que a r\u00e9 incidiu na conduta t\u00edpica em que foi denunciada, haja vista que os atos de maus-tratos praticados resultaram na morte do animal, sendo a condena\u00e7\u00e3o a medida impositiva\u201d, anotou a magistrada.<\/em><\/strong> Cabe recurso da senten\u00e7a.<\/p>\n\n\n\n<p><em>Fonte: <a href=\"https:\/\/canal4.tv.br\/\" data-type=\"link\" data-id=\"https:\/\/canal4.tv.br\/\">Canal4<\/a><\/em><\/p>\n","protected":false},"excerpt":{"rendered":"<p>Uma mulher moradora da cidade de Porto Uni\u00e3o foi condenada por maus-tratos que resultaram na morte de seu animal de estima\u00e7\u00e3o, ap\u00f3s ficar trancado em um apartamento \u2013 sem cuidados e em p\u00e9ssimas condi\u00e7\u00f5es de higiene \u2013 enquanto a tutora viajava. A pena aplicada, de tr\u00eas meses e 15 dias de deten\u00e7\u00e3o e pagamento de [&hellip;]<\/p>\n","protected":false},"author":2,"featured_media":18646,"comment_status":"open","ping_status":"open","sticky":false,"template":"","format":"standard","meta":{"footnotes":""},"categories":[2],"tags":[172],"class_list":["post-18645","post","type-post","status-publish","format-standard","has-post-thumbnail","hentry","category-policial","tag-featured"],"amp_enabled":true,"_links":{"self":[{"href":"https:\/\/radiostudiow.com.br\/site\/wp-json\/wp\/v2\/posts\/18645","targetHints":{"allow":["GET"]}}],"collection":[{"href":"https:\/\/radiostudiow.com.br\/site\/wp-json\/wp\/v2\/posts"}],"about":[{"href":"https:\/\/radiostudiow.com.br\/site\/wp-json\/wp\/v2\/types\/post"}],"author":[{"embeddable":true,"href":"https:\/\/radiostudiow.com.br\/site\/wp-json\/wp\/v2\/users\/2"}],"replies":[{"embeddable":true,"href":"https:\/\/radiostudiow.com.br\/site\/wp-json\/wp\/v2\/comments?post=18645"}],"version-history":[{"count":1,"href":"https:\/\/radiostudiow.com.br\/site\/wp-json\/wp\/v2\/posts\/18645\/revisions"}],"predecessor-version":[{"id":18647,"href":"https:\/\/radiostudiow.com.br\/site\/wp-json\/wp\/v2\/posts\/18645\/revisions\/18647"}],"wp:featuredmedia":[{"embeddable":true,"href":"https:\/\/radiostudiow.com.br\/site\/wp-json\/wp\/v2\/media\/18646"}],"wp:attachment":[{"href":"https:\/\/radiostudiow.com.br\/site\/wp-json\/wp\/v2\/media?parent=18645"}],"wp:term":[{"taxonomy":"category","embeddable":true,"href":"https:\/\/radiostudiow.com.br\/site\/wp-json\/wp\/v2\/categories?post=18645"},{"taxonomy":"post_tag","embeddable":true,"href":"https:\/\/radiostudiow.com.br\/site\/wp-json\/wp\/v2\/tags?post=18645"}],"curies":[{"name":"wp","href":"https:\/\/api.w.org\/{rel}","templated":true}]}}