{"id":18648,"date":"2024-01-11T10:48:32","date_gmt":"2024-01-11T13:48:32","guid":{"rendered":"https:\/\/radiostudiow.com.br\/site\/?p=18648"},"modified":"2025-01-31T15:02:21","modified_gmt":"2025-01-31T18:02:21","slug":"detran-pr-a-partir-de-agosto-divulga-calendario-da-renovacao-do-licenciamento-de-2024","status":"publish","type":"post","link":"https:\/\/radiostudiow.com.br\/site\/2024\/01\/11\/detran-pr-a-partir-de-agosto-divulga-calendario-da-renovacao-do-licenciamento-de-2024\/","title":{"rendered":"DETRAN-PR! A partir de agosto divulga calend\u00e1rio da renova\u00e7\u00e3o do licenciamento de 2024"},"content":{"rendered":"\n<p><strong>O Departamento de Tr\u00e2nsito do Paran\u00e1 (Detran-PR) divulgou o calend\u00e1rio de pagamento do Certificado de Registro de Licenciamento de Ve\u00edculo (CRLV-e) referente ao ano de 2024.<\/strong><\/p>\n\n\n\n<figure class=\"wp-block-image size-full\"><img decoding=\"async\" src=\"https:\/\/radiostudiow.com.br\/site\/wp-content\/uploads\/2023\/10\/SITE-GRANDE4.png\" alt=\"\" class=\"wp-image-16367\"\/><\/figure>\n\n\n\n<p>Assim como no ano passado, o calend\u00e1rio vence de acordo com as placas e inicia em agosto, finalizando em novembro. Ve\u00edculos com placas de finais 1 e 2 devem ter o licenciamento quitado em agosto; placas que terminam com 3, 4 e 5, em setembro; com final 6, 7 e 8, em outubro; e com final 9 e zero, o prazo vence em novembro.<\/p>\n\n\n\n<p>O Detran-PR orienta os propriet\u00e1rios que fiquem atentos ao prazo de pagamento, evitando circular com o ve\u00edculo de forma irregular, o que consiste infra\u00e7\u00e3o de tr\u00e2nsito grav\u00edssima.<\/p>\n\n\n\n<p>Com o congelamento das taxas do Detran-PR para o exerc\u00edcio 2024, anunciado pelo governador Ratinho Junior no final de 2023, o valor da taxa de pagamento CRLV-e permanecer\u00e1 o mesmo do ano passado, em R$ 90,94.<\/p>\n\n\n\n<figure class=\"wp-block-image size-full\"><img decoding=\"async\" src=\"https:\/\/radiostudiow.com.br\/site\/wp-content\/uploads\/2023\/10\/SITE-GRANDE5.png\" alt=\"\" class=\"wp-image-16372\"\/><\/figure>\n\n\n\n<p><strong>IPVA \u2013<\/strong>&nbsp;Os contribuintes paranaenses tamb\u00e9m j\u00e1 podem emitir as guias de recolhimento (GR-PR) do Imposto sobre a Propriedade de Ve\u00edculos Automotores (IPVA) de 2024. O valor total lan\u00e7ado neste ano \u00e9 de R$ 6,36 bilh\u00f5es para uma base de 4,67 milh\u00f5es ve\u00edculos tributados no Estado.<\/p>\n\n\n\n<p>Assim como j\u00e1 ocorria em anos anteriores, as guias n\u00e3o s\u00e3o mais enviadas pelos correios aos endere\u00e7os dos contribuintes. Elas devem ser emitidas pelo\u00a0<strong>Portal IPVA<\/strong>\u00a0ou pelo\u00a0<strong>Portal de Pagamentos de Tributos<\/strong>.<\/p>\n\n\n\n<p><\/p>\n","protected":false},"excerpt":{"rendered":"<p>O Departamento de Tr\u00e2nsito do Paran\u00e1 (Detran-PR) divulgou o calend\u00e1rio de pagamento do Certificado de Registro de Licenciamento de Ve\u00edculo (CRLV-e) referente ao ano de 2024. Assim como no ano passado, o calend\u00e1rio vence de acordo com as placas e inicia em agosto, finalizando em novembro. Ve\u00edculos com placas de finais 1 e 2 devem [&hellip;]<\/p>\n","protected":false},"author":2,"featured_media":18615,"comment_status":"open","ping_status":"open","sticky":false,"template":"","format":"standard","meta":{"footnotes":""},"categories":[7],"tags":[172],"class_list":["post-18648","post","type-post","status-publish","format-standard","has-post-thumbnail","hentry","category-geral","tag-featured"],"amp_enabled":true,"_links":{"self":[{"href":"https:\/\/radiostudiow.com.br\/site\/wp-json\/wp\/v2\/posts\/18648","targetHints":{"allow":["GET"]}}],"collection":[{"href":"https:\/\/radiostudiow.com.br\/site\/wp-json\/wp\/v2\/posts"}],"about":[{"href":"https:\/\/radiostudiow.com.br\/site\/wp-json\/wp\/v2\/types\/post"}],"author":[{"embeddable":true,"href":"https:\/\/radiostudiow.com.br\/site\/wp-json\/wp\/v2\/users\/2"}],"replies":[{"embeddable":true,"href":"https:\/\/radiostudiow.com.br\/site\/wp-json\/wp\/v2\/comments?post=18648"}],"version-history":[{"count":1,"href":"https:\/\/radiostudiow.com.br\/site\/wp-json\/wp\/v2\/posts\/18648\/revisions"}],"predecessor-version":[{"id":18649,"href":"https:\/\/radiostudiow.com.br\/site\/wp-json\/wp\/v2\/posts\/18648\/revisions\/18649"}],"wp:featuredmedia":[{"embeddable":true,"href":"https:\/\/radiostudiow.com.br\/site\/wp-json\/wp\/v2\/media\/18615"}],"wp:attachment":[{"href":"https:\/\/radiostudiow.com.br\/site\/wp-json\/wp\/v2\/media?parent=18648"}],"wp:term":[{"taxonomy":"category","embeddable":true,"href":"https:\/\/radiostudiow.com.br\/site\/wp-json\/wp\/v2\/categories?post=18648"},{"taxonomy":"post_tag","embeddable":true,"href":"https:\/\/radiostudiow.com.br\/site\/wp-json\/wp\/v2\/tags?post=18648"}],"curies":[{"name":"wp","href":"https:\/\/api.w.org\/{rel}","templated":true}]}}