{"id":18650,"date":"2024-01-11T11:00:18","date_gmt":"2024-01-11T14:00:18","guid":{"rendered":"https:\/\/radiostudiow.com.br\/site\/?p=18650"},"modified":"2025-01-31T15:02:20","modified_gmt":"2025-01-31T18:02:20","slug":"rixa-termina-com-tres-pessoas-conduzidas-para-a-delegacia-em-porto-uniao","status":"publish","type":"post","link":"https:\/\/radiostudiow.com.br\/site\/2024\/01\/11\/rixa-termina-com-tres-pessoas-conduzidas-para-a-delegacia-em-porto-uniao\/","title":{"rendered":"Rixa termina com tr\u00eas pessoas conduzidas para a delegacia em Porto Uni\u00e3o"},"content":{"rendered":"\n<p>A equipe da Pol\u00edcia Militar de Porto Uni\u00e3o foi acionada por volta das 02:50 horas da madrugada desta quinta-feira, 11 de janeiro, para verificar uma situa\u00e7\u00e3o de amea\u00e7a, registrada no bairro Santa Rosa.<\/p>\n\n\n\n<figure class=\"wp-block-image size-full\"><img decoding=\"async\" src=\"https:\/\/radiostudiow.com.br\/site\/wp-content\/uploads\/2023\/10\/SITE-GRANDE2.png\" alt=\"\" class=\"wp-image-16368\"\/><\/figure>\n\n\n\n<p>No local, foi conversado com as supostas v\u00edtimas que relataram que v\u00e1rias pessoas tinham ido at\u00e9 sua casa com fac\u00f5es e ripas, dizendo que iriam mat\u00e1-los. O grupo armado pulou o muito e invadiu o local sem autoriza\u00e7\u00e3o.<\/p>\n\n\n\n<p>Ainda conforme informa\u00e7\u00f5es, a situa\u00e7\u00e3o ocorreu motivada por amea\u00e7as anterior via mensagens de celular. Quando as equipes policiais chegaram no local, o grupo j\u00e1 havia se evadido.<\/p>\n\n\n\n<p>De posse de informa\u00e7\u00f5es, a Pol\u00edcia abordou a casa de uma das supostas autoras e encontrou tr\u00eas suspeitos de participar da invas\u00e3o.<\/p>\n\n\n\n<figure class=\"wp-block-image size-full\"><img decoding=\"async\" src=\"https:\/\/radiostudiow.com.br\/site\/wp-content\/uploads\/2023\/10\/SITE-GRANDE5.png\" alt=\"\" class=\"wp-image-16372\"\/><\/figure>\n\n\n\n<p>Os tr\u00eas n\u00e3o acataram os ordens policiais e se negaram a aceitar o compromisso de comparecimento em audi\u00eancia previamente marcada.<\/p>\n\n\n\n<p>Eles foi detidos e conduzidos at\u00e9 a delegacia. Foi acionado o Conselheiro tutelar, pois um dos autores \u00e9 menor de idade, tendo 17 anos.<\/p>\n","protected":false},"excerpt":{"rendered":"<p>A equipe da Pol\u00edcia Militar de Porto Uni\u00e3o foi acionada por volta das 02:50 horas da madrugada desta quinta-feira, 11 de janeiro, para verificar uma situa\u00e7\u00e3o de amea\u00e7a, registrada no bairro Santa Rosa. No local, foi conversado com as supostas v\u00edtimas que relataram que v\u00e1rias pessoas tinham ido at\u00e9 sua casa com fac\u00f5es e ripas, [&hellip;]<\/p>\n","protected":false},"author":2,"featured_media":13251,"comment_status":"open","ping_status":"open","sticky":false,"template":"","format":"standard","meta":{"footnotes":""},"categories":[2],"tags":[172],"class_list":["post-18650","post","type-post","status-publish","format-standard","has-post-thumbnail","hentry","category-policial","tag-featured"],"amp_enabled":true,"_links":{"self":[{"href":"https:\/\/radiostudiow.com.br\/site\/wp-json\/wp\/v2\/posts\/18650","targetHints":{"allow":["GET"]}}],"collection":[{"href":"https:\/\/radiostudiow.com.br\/site\/wp-json\/wp\/v2\/posts"}],"about":[{"href":"https:\/\/radiostudiow.com.br\/site\/wp-json\/wp\/v2\/types\/post"}],"author":[{"embeddable":true,"href":"https:\/\/radiostudiow.com.br\/site\/wp-json\/wp\/v2\/users\/2"}],"replies":[{"embeddable":true,"href":"https:\/\/radiostudiow.com.br\/site\/wp-json\/wp\/v2\/comments?post=18650"}],"version-history":[{"count":2,"href":"https:\/\/radiostudiow.com.br\/site\/wp-json\/wp\/v2\/posts\/18650\/revisions"}],"predecessor-version":[{"id":18652,"href":"https:\/\/radiostudiow.com.br\/site\/wp-json\/wp\/v2\/posts\/18650\/revisions\/18652"}],"wp:featuredmedia":[{"embeddable":true,"href":"https:\/\/radiostudiow.com.br\/site\/wp-json\/wp\/v2\/media\/13251"}],"wp:attachment":[{"href":"https:\/\/radiostudiow.com.br\/site\/wp-json\/wp\/v2\/media?parent=18650"}],"wp:term":[{"taxonomy":"category","embeddable":true,"href":"https:\/\/radiostudiow.com.br\/site\/wp-json\/wp\/v2\/categories?post=18650"},{"taxonomy":"post_tag","embeddable":true,"href":"https:\/\/radiostudiow.com.br\/site\/wp-json\/wp\/v2\/tags?post=18650"}],"curies":[{"name":"wp","href":"https:\/\/api.w.org\/{rel}","templated":true}]}}