{"id":18657,"date":"2024-01-11T18:34:13","date_gmt":"2024-01-11T21:34:13","guid":{"rendered":"https:\/\/radiostudiow.com.br\/site\/?p=18657"},"modified":"2025-01-31T15:02:20","modified_gmt":"2025-01-31T18:02:20","slug":"eleitor-tem-quatro-meses-para-regularizar-titulo-e-votar-em-outubro","status":"publish","type":"post","link":"https:\/\/radiostudiow.com.br\/site\/2024\/01\/11\/eleitor-tem-quatro-meses-para-regularizar-titulo-e-votar-em-outubro\/","title":{"rendered":"Eleitor tem quatro meses para regularizar t\u00edtulo e votar em outubro"},"content":{"rendered":"\n<p><strong><em>Os cidad\u00e3os que pretendem votar nas elei\u00e7\u00f5es municipais de outubro t\u00eam menos de quatro meses para tirar o primeiro t\u00edtulo de eleitor ou regularizar o documento. A partir de 8 de maio, o cadastro eleitoral ser\u00e1 fechado e nenhuma altera\u00e7\u00e3o poder\u00e1 ser feita nos registros eleitorais.<\/em><\/strong><\/p>\n\n\n\n<figure class=\"wp-block-image size-full\"><img loading=\"lazy\" decoding=\"async\" width=\"598\" height=\"204\" src=\"https:\/\/radiostudiow.com.br\/site\/wp-content\/uploads\/2023\/10\/SITE-MEDIO.png\" alt=\"\" class=\"wp-image-16319\" srcset=\"https:\/\/radiostudiow.com.br\/site\/wp-content\/uploads\/2023\/10\/SITE-MEDIO.png 598w, https:\/\/radiostudiow.com.br\/site\/wp-content\/uploads\/2023\/10\/SITE-MEDIO-300x102.png 300w\" sizes=\"auto, (max-width: 598px) 100vw, 598px\" \/><\/figure>\n\n\n\n<p>O cumprimento do prazo vale para jovens a partir de 16 anos que pretendem votar pela primeira vez e para o eleitor que est\u00e1 em situa\u00e7\u00e3o irregular por ter deixado de votar e justificar aus\u00eancia por tr\u00eas elei\u00e7\u00f5es consecutivas.<\/p>\n\n\n\n<p>Para regularizar a situa\u00e7\u00e3o, o eleitor deve entrar no&nbsp;<a href=\"https:\/\/www.tse.jus.br\/servicos-eleitorais\/titulo-e-local-de-votacao\/copy_of_consulta-por-nome\" target=\"_blank\" rel=\"noreferrer noopener\"><strong><em>site<\/em>&nbsp;do Tribunal Superior Eleitoral (TSE)&nbsp;<\/strong><\/a>e acessar as op\u00e7\u00f5es dispon\u00edveis. Para checar a situa\u00e7\u00e3o da inscri\u00e7\u00e3o eleitoral, basta preencher o n\u00famero do CPF.<\/p>\n\n\n\n<p>Para tirar a primeira via do t\u00edtulo de eleitor, os interessados podem clicar na op\u00e7\u00e3o\u00a0<a href=\"http:\/\/https\/www.tse.jus.br\/servicos-eleitorais\/autoatendimento-eleitoral#\/\" target=\"_blank\" rel=\"noreferrer noopener\"><strong>t\u00edtulo eleitoral<\/strong><\/a>\u00a0e seguir os passos sugeridos pelo atendimento eletr\u00f4nico.<\/p>\n\n\n\n<figure class=\"wp-block-image size-full\"><img decoding=\"async\" src=\"https:\/\/radiostudiow.com.br\/site\/wp-content\/uploads\/2023\/10\/SITE-GRANDE5.png\" alt=\"\" class=\"wp-image-16372\"\/><\/figure>\n\n\n\n<p>No primeiro turno, que ser\u00e1 realizado no dia 6 de outubro, os eleitores ir\u00e3o \u00e0s urnas para escolher prefeitos, vice-prefeitos e vereadores.\u00a0<\/p>\n\n\n\n<p>O segundo turno est\u00e1 previsto para o dia 27 do mesmo m\u00eas em munic\u00edpios com mais 200 mil eleitores em que nenhum candidato a prefeito obteve votos suficientes para vencer a disputa na primeira rodada.<\/p>\n","protected":false},"excerpt":{"rendered":"<p>Os cidad\u00e3os que pretendem votar nas elei\u00e7\u00f5es municipais de outubro t\u00eam menos de quatro meses para tirar o primeiro t\u00edtulo de eleitor ou regularizar o documento. A partir de 8 de maio, o cadastro eleitoral ser\u00e1 fechado e nenhuma altera\u00e7\u00e3o poder\u00e1 ser feita nos registros eleitorais. O cumprimento do prazo vale para jovens a partir [&hellip;]<\/p>\n","protected":false},"author":2,"featured_media":18658,"comment_status":"open","ping_status":"open","sticky":false,"template":"","format":"standard","meta":{"footnotes":""},"categories":[185],"tags":[172],"class_list":["post-18657","post","type-post","status-publish","format-standard","has-post-thumbnail","hentry","category-regional","tag-featured"],"amp_enabled":true,"_links":{"self":[{"href":"https:\/\/radiostudiow.com.br\/site\/wp-json\/wp\/v2\/posts\/18657","targetHints":{"allow":["GET"]}}],"collection":[{"href":"https:\/\/radiostudiow.com.br\/site\/wp-json\/wp\/v2\/posts"}],"about":[{"href":"https:\/\/radiostudiow.com.br\/site\/wp-json\/wp\/v2\/types\/post"}],"author":[{"embeddable":true,"href":"https:\/\/radiostudiow.com.br\/site\/wp-json\/wp\/v2\/users\/2"}],"replies":[{"embeddable":true,"href":"https:\/\/radiostudiow.com.br\/site\/wp-json\/wp\/v2\/comments?post=18657"}],"version-history":[{"count":1,"href":"https:\/\/radiostudiow.com.br\/site\/wp-json\/wp\/v2\/posts\/18657\/revisions"}],"predecessor-version":[{"id":18659,"href":"https:\/\/radiostudiow.com.br\/site\/wp-json\/wp\/v2\/posts\/18657\/revisions\/18659"}],"wp:featuredmedia":[{"embeddable":true,"href":"https:\/\/radiostudiow.com.br\/site\/wp-json\/wp\/v2\/media\/18658"}],"wp:attachment":[{"href":"https:\/\/radiostudiow.com.br\/site\/wp-json\/wp\/v2\/media?parent=18657"}],"wp:term":[{"taxonomy":"category","embeddable":true,"href":"https:\/\/radiostudiow.com.br\/site\/wp-json\/wp\/v2\/categories?post=18657"},{"taxonomy":"post_tag","embeddable":true,"href":"https:\/\/radiostudiow.com.br\/site\/wp-json\/wp\/v2\/tags?post=18657"}],"curies":[{"name":"wp","href":"https:\/\/api.w.org\/{rel}","templated":true}]}}