{"id":18660,"date":"2024-01-11T20:15:17","date_gmt":"2024-01-11T23:15:17","guid":{"rendered":"https:\/\/radiostudiow.com.br\/site\/?p=18660"},"modified":"2025-01-31T15:02:20","modified_gmt":"2025-01-31T18:02:20","slug":"jovem-de-25-anos-morre-vitima-de-suicidio-em-general-carneiro","status":"publish","type":"post","link":"https:\/\/radiostudiow.com.br\/site\/2024\/01\/11\/jovem-de-25-anos-morre-vitima-de-suicidio-em-general-carneiro\/","title":{"rendered":"Jovem de 25 anos morre v\u00edtima de suic\u00eddio em General Carneiro"},"content":{"rendered":"\n<p>Mais uma pessoa tirou a pr\u00f3pria vida na cidade de General Carneiro.<\/p>\n\n\n\n<p>Um jovem de 25 anos de idade, morreu ap\u00f3s fazer a ingest\u00e3o de medicamentos. \u00c0 informa\u00e7\u00e3o foi confirmada pela Pol\u00edcia Militar.<\/p>\n\n\n\n<figure class=\"wp-block-image size-full\"><img decoding=\"async\" src=\"https:\/\/radiostudiow.com.br\/site\/wp-content\/uploads\/2023\/12\/SITE-PEQUENO3.png\" alt=\"\" class=\"wp-image-17616\"\/><\/figure>\n\n\n\n<p>De acordo com informa\u00e7\u00f5es apuradas pela reportagem do Canal 4 TV, a ocorr\u00eancia foi registrada na rua Interventor Manoel Ribas, na \u00e1rea central, durante a manh\u00e3 desta quinta-feira, dia 11 de janeiro.<\/p>\n\n\n\n<p>Equipes de socorro chegaram a ser acionadas, no entanto, o rapaz j\u00e1 estava sem vida. O local foi isolado pela Pol\u00edcia Militar e o Instituto M\u00e9dico Legal \u2013 IML de Uni\u00e3o da Vit\u00f3ria acionado para recolher o corpo.<\/p>\n\n\n\n<figure class=\"wp-block-image size-full\"><img decoding=\"async\" src=\"https:\/\/radiostudiow.com.br\/site\/wp-content\/uploads\/2023\/10\/SITE-GRANDE5.png\" alt=\"\" class=\"wp-image-16372\"\/><\/figure>\n\n\n","protected":false},"excerpt":{"rendered":"<p>Mais uma pessoa tirou a pr\u00f3pria vida na cidade de General Carneiro. Um jovem de 25 anos de idade, morreu ap\u00f3s fazer a ingest\u00e3o de medicamentos. \u00c0 informa\u00e7\u00e3o foi confirmada pela Pol\u00edcia Militar. De acordo com informa\u00e7\u00f5es apuradas pela reportagem do Canal 4 TV, a ocorr\u00eancia foi registrada na rua Interventor Manoel Ribas, na \u00e1rea [&hellip;]<\/p>\n","protected":false},"author":2,"featured_media":18671,"comment_status":"open","ping_status":"open","sticky":false,"template":"","format":"standard","meta":{"footnotes":""},"categories":[2],"tags":[172],"class_list":["post-18660","post","type-post","status-publish","format-standard","has-post-thumbnail","hentry","category-policial","tag-featured"],"amp_enabled":true,"_links":{"self":[{"href":"https:\/\/radiostudiow.com.br\/site\/wp-json\/wp\/v2\/posts\/18660","targetHints":{"allow":["GET"]}}],"collection":[{"href":"https:\/\/radiostudiow.com.br\/site\/wp-json\/wp\/v2\/posts"}],"about":[{"href":"https:\/\/radiostudiow.com.br\/site\/wp-json\/wp\/v2\/types\/post"}],"author":[{"embeddable":true,"href":"https:\/\/radiostudiow.com.br\/site\/wp-json\/wp\/v2\/users\/2"}],"replies":[{"embeddable":true,"href":"https:\/\/radiostudiow.com.br\/site\/wp-json\/wp\/v2\/comments?post=18660"}],"version-history":[{"count":3,"href":"https:\/\/radiostudiow.com.br\/site\/wp-json\/wp\/v2\/posts\/18660\/revisions"}],"predecessor-version":[{"id":18672,"href":"https:\/\/radiostudiow.com.br\/site\/wp-json\/wp\/v2\/posts\/18660\/revisions\/18672"}],"wp:featuredmedia":[{"embeddable":true,"href":"https:\/\/radiostudiow.com.br\/site\/wp-json\/wp\/v2\/media\/18671"}],"wp:attachment":[{"href":"https:\/\/radiostudiow.com.br\/site\/wp-json\/wp\/v2\/media?parent=18660"}],"wp:term":[{"taxonomy":"category","embeddable":true,"href":"https:\/\/radiostudiow.com.br\/site\/wp-json\/wp\/v2\/categories?post=18660"},{"taxonomy":"post_tag","embeddable":true,"href":"https:\/\/radiostudiow.com.br\/site\/wp-json\/wp\/v2\/tags?post=18660"}],"curies":[{"name":"wp","href":"https:\/\/api.w.org\/{rel}","templated":true}]}}