{"id":18662,"date":"2024-01-11T20:10:27","date_gmt":"2024-01-11T23:10:27","guid":{"rendered":"https:\/\/radiostudiow.com.br\/site\/?p=18662"},"modified":"2025-01-31T15:02:20","modified_gmt":"2025-01-31T18:02:20","slug":"homem-morto-a-facadas-em-porto-uniao-foi-assassinado-pela-esposa","status":"publish","type":"post","link":"https:\/\/radiostudiow.com.br\/site\/2024\/01\/11\/homem-morto-a-facadas-em-porto-uniao-foi-assassinado-pela-esposa\/","title":{"rendered":"Homem morto a facadas em Porto Uni\u00e3o foi assassinado pela esposa"},"content":{"rendered":"\n<p><strong><em>Equipes do Corpo de Bombeiros foram acionadas para atender a v\u00edtima de um ferimento por objeto cortante. O caso foi registrado em Porto Uni\u00e3o por volta de 02:00 horas da madrugada desta quinta-feira (10).<\/em><\/strong><\/p>\n\n\n\n<figure class=\"wp-block-image size-full\"><img decoding=\"async\" src=\"https:\/\/radiostudiow.com.br\/site\/wp-content\/uploads\/2023\/08\/image-127.png\" alt=\"\" class=\"wp-image-14660\"\/><\/figure>\n\n\n\n<p>De acordo com informa\u00e7\u00f5es oficiais, os bombeiros encontraram o homem ca\u00eddo sobre a via. Ele j\u00e1 estava inconsciente e apresentava sinais vitais alterados. Os socorristas tiveram de conter a hemorragia e encaminharam o homem ao Hospital S\u00e3o Braz, mas ele n\u00e3o resistiu aos ferimentos e morreu. Portanto, a situa\u00e7\u00e3o passou a ser considerada um homic\u00eddio.<\/p>\n\n\n\n<p>Conforme informa\u00e7\u00f5es repassadas pelo delegado da Pol\u00edcia Civil de Porto Uni\u00e3o, dr. Eduardo de Mendon\u00e7a, o homem foi identificado como Reinaldo da Cunha, de 48 anos, e teria sido assassinado pela pr\u00f3pria companheira, de 26 anos, ap\u00f3s uma discuss\u00e3o. Ela foi presa em flagrante pelo crime de homic\u00eddio e ser\u00e1 encaminhada \u00e0 Penitenci\u00e1ria Feminina de Mafra.<\/p>\n\n\n\n<figure class=\"wp-block-image size-full\"><img decoding=\"async\" src=\"https:\/\/radiostudiow.com.br\/site\/wp-content\/uploads\/2023\/11\/anigif-pequeno-01.gif\" alt=\"\" class=\"wp-image-16759\"\/><\/figure>\n\n\n\n<p>A princ\u00edpio, de acordo com o delegado, a mulher alegou que teria sido agredida pelo homem e por este motivo desferiu golpes de faca contra ele.<\/p>\n\n\n\n<p>Um \u00fanico golpe de faca teria ocasionado perda de sangue o suficiente para resultar na morte do homem, mas somente exames cadav\u00e9ricos poder\u00e3o confirmar tal informa\u00e7\u00e3o.<\/p>\n","protected":false},"excerpt":{"rendered":"<p>Equipes do Corpo de Bombeiros foram acionadas para atender a v\u00edtima de um ferimento por objeto cortante. O caso foi registrado em Porto Uni\u00e3o por volta de 02:00 horas da madrugada desta quinta-feira (10). De acordo com informa\u00e7\u00f5es oficiais, os bombeiros encontraram o homem ca\u00eddo sobre a via. Ele j\u00e1 estava inconsciente e apresentava sinais [&hellip;]<\/p>\n","protected":false},"author":2,"featured_media":18663,"comment_status":"open","ping_status":"open","sticky":false,"template":"","format":"standard","meta":{"footnotes":""},"categories":[2],"tags":[172],"class_list":["post-18662","post","type-post","status-publish","format-standard","has-post-thumbnail","hentry","category-policial","tag-featured"],"amp_enabled":true,"_links":{"self":[{"href":"https:\/\/radiostudiow.com.br\/site\/wp-json\/wp\/v2\/posts\/18662","targetHints":{"allow":["GET"]}}],"collection":[{"href":"https:\/\/radiostudiow.com.br\/site\/wp-json\/wp\/v2\/posts"}],"about":[{"href":"https:\/\/radiostudiow.com.br\/site\/wp-json\/wp\/v2\/types\/post"}],"author":[{"embeddable":true,"href":"https:\/\/radiostudiow.com.br\/site\/wp-json\/wp\/v2\/users\/2"}],"replies":[{"embeddable":true,"href":"https:\/\/radiostudiow.com.br\/site\/wp-json\/wp\/v2\/comments?post=18662"}],"version-history":[{"count":2,"href":"https:\/\/radiostudiow.com.br\/site\/wp-json\/wp\/v2\/posts\/18662\/revisions"}],"predecessor-version":[{"id":18668,"href":"https:\/\/radiostudiow.com.br\/site\/wp-json\/wp\/v2\/posts\/18662\/revisions\/18668"}],"wp:featuredmedia":[{"embeddable":true,"href":"https:\/\/radiostudiow.com.br\/site\/wp-json\/wp\/v2\/media\/18663"}],"wp:attachment":[{"href":"https:\/\/radiostudiow.com.br\/site\/wp-json\/wp\/v2\/media?parent=18662"}],"wp:term":[{"taxonomy":"category","embeddable":true,"href":"https:\/\/radiostudiow.com.br\/site\/wp-json\/wp\/v2\/categories?post=18662"},{"taxonomy":"post_tag","embeddable":true,"href":"https:\/\/radiostudiow.com.br\/site\/wp-json\/wp\/v2\/tags?post=18662"}],"curies":[{"name":"wp","href":"https:\/\/api.w.org\/{rel}","templated":true}]}}