{"id":18679,"date":"2024-01-11T21:00:47","date_gmt":"2024-01-12T00:00:47","guid":{"rendered":"https:\/\/radiostudiow.com.br\/site\/?p=18679"},"modified":"2025-01-31T15:02:20","modified_gmt":"2025-01-31T18:02:20","slug":"homem-e-preso-por-caca-predatoria-e-posse-de-armas-de-fogo-em-inacio-martins","status":"publish","type":"post","link":"https:\/\/radiostudiow.com.br\/site\/2024\/01\/11\/homem-e-preso-por-caca-predatoria-e-posse-de-armas-de-fogo-em-inacio-martins\/","title":{"rendered":"Homem \u00e9 preso por ca\u00e7a predat\u00f3ria e posse de armas de fogo em In\u00e1cio Martins"},"content":{"rendered":"\n<figure class=\"wp-block-image size-large\"><img decoding=\"async\" src=\"https:\/\/radiostudiow.com.br\/site\/wp-content\/uploads\/2024\/01\/image-5-1024x379.png\" alt=\"\" class=\"wp-image-18395\"\/><\/figure>\n\n\n\n<p>Em atendimento a den\u00fancia de ca\u00e7a predat\u00f3ria, policiais ambientais deslocaram at\u00e9 a localidade de Goes Artiga e em contato com o denunciado sobre a propriedade de armas de fogo, este afirmou positivamente e franqueou a entrada da equipe em sua resid\u00eancia onde foram apreendidos os seguintes materiais:\u00a0<\/p>\n\n\n\n<p>&#8211; 01 carabina calibre 22;<\/p>\n\n\n\n<p>&#8211; 01 espingarda Gauge calibre 12 fabrica\u00e7\u00e3o artesanal;<\/p>\n\n\n\n<p>&#8211; 01 espingarda calibre 24;<\/p>\n\n\n\n<p>&#8211; 01 espingarda artesanal;<\/p>\n\n\n\n<p>&#8211; 01 rev\u00f3lver calibre 38;<\/p>\n\n\n\n<p>&#8211; 33 muni\u00e7\u00f5es diversas;<\/p>\n\n\n\n<figure class=\"wp-block-image size-full\"><img decoding=\"async\" src=\"https:\/\/radiostudiow.com.br\/site\/wp-content\/uploads\/2023\/12\/SITE-PEQUENO3.png\" alt=\"\" class=\"wp-image-17616\"\/><\/figure>\n\n\n\n<p>Durante as buscas ainda foi localizada uma ave silvestre tipo maritaca presa em uma gaiola, uma ave pomba abatida, pronta para o consumo e um cr\u00e2nio de mam\u00edfero pecar\u00eddeo (queixada), al\u00e9m de v\u00e1rios objetos usados para recargas de muni\u00e7\u00f5es como chumbo, p\u00f3lvora e espoletas. Diante dos fatos foi dado voz de pris\u00e3o ao respons\u00e1vel e encaminhado juntamente com os objetos apreendidos a Delegacia de Pol\u00edcia Civil de Irati para provid\u00eancias.<\/p>\n\n\n\n<figure class=\"wp-block-image size-full\"><img loading=\"lazy\" decoding=\"async\" width=\"1000\" height=\"720\" src=\"https:\/\/radiostudiow.com.br\/site\/wp-content\/uploads\/2024\/01\/image-31.png\" alt=\"\" class=\"wp-image-18681\" srcset=\"https:\/\/radiostudiow.com.br\/site\/wp-content\/uploads\/2024\/01\/image-31.png 1000w, https:\/\/radiostudiow.com.br\/site\/wp-content\/uploads\/2024\/01\/image-31-300x216.png 300w, https:\/\/radiostudiow.com.br\/site\/wp-content\/uploads\/2024\/01\/image-31-768x553.png 768w\" sizes=\"auto, (max-width: 1000px) 100vw, 1000px\" \/><\/figure>\n","protected":false},"excerpt":{"rendered":"<p>Em atendimento a den\u00fancia de ca\u00e7a predat\u00f3ria, policiais ambientais deslocaram at\u00e9 a localidade de Goes Artiga e em contato com o denunciado sobre a propriedade de armas de fogo, este afirmou positivamente e franqueou a entrada da equipe em sua resid\u00eancia onde foram apreendidos os seguintes materiais:\u00a0 &#8211; 01 carabina calibre 22; &#8211; 01 espingarda [&hellip;]<\/p>\n","protected":false},"author":2,"featured_media":18680,"comment_status":"open","ping_status":"open","sticky":false,"template":"","format":"standard","meta":{"footnotes":""},"categories":[2],"tags":[172],"class_list":["post-18679","post","type-post","status-publish","format-standard","has-post-thumbnail","hentry","category-policial","tag-featured"],"amp_enabled":true,"_links":{"self":[{"href":"https:\/\/radiostudiow.com.br\/site\/wp-json\/wp\/v2\/posts\/18679","targetHints":{"allow":["GET"]}}],"collection":[{"href":"https:\/\/radiostudiow.com.br\/site\/wp-json\/wp\/v2\/posts"}],"about":[{"href":"https:\/\/radiostudiow.com.br\/site\/wp-json\/wp\/v2\/types\/post"}],"author":[{"embeddable":true,"href":"https:\/\/radiostudiow.com.br\/site\/wp-json\/wp\/v2\/users\/2"}],"replies":[{"embeddable":true,"href":"https:\/\/radiostudiow.com.br\/site\/wp-json\/wp\/v2\/comments?post=18679"}],"version-history":[{"count":1,"href":"https:\/\/radiostudiow.com.br\/site\/wp-json\/wp\/v2\/posts\/18679\/revisions"}],"predecessor-version":[{"id":18682,"href":"https:\/\/radiostudiow.com.br\/site\/wp-json\/wp\/v2\/posts\/18679\/revisions\/18682"}],"wp:featuredmedia":[{"embeddable":true,"href":"https:\/\/radiostudiow.com.br\/site\/wp-json\/wp\/v2\/media\/18680"}],"wp:attachment":[{"href":"https:\/\/radiostudiow.com.br\/site\/wp-json\/wp\/v2\/media?parent=18679"}],"wp:term":[{"taxonomy":"category","embeddable":true,"href":"https:\/\/radiostudiow.com.br\/site\/wp-json\/wp\/v2\/categories?post=18679"},{"taxonomy":"post_tag","embeddable":true,"href":"https:\/\/radiostudiow.com.br\/site\/wp-json\/wp\/v2\/tags?post=18679"}],"curies":[{"name":"wp","href":"https:\/\/api.w.org\/{rel}","templated":true}]}}