{"id":18686,"date":"2024-01-12T09:55:16","date_gmt":"2024-01-12T12:55:16","guid":{"rendered":"https:\/\/radiostudiow.com.br\/site\/?p=18686"},"modified":"2025-01-31T15:02:20","modified_gmt":"2025-01-31T18:02:20","slug":"acidente-na-br-153-em-mallet-entre-carro-e-caminhao-deixa-dois-feridos","status":"publish","type":"post","link":"https:\/\/radiostudiow.com.br\/site\/2024\/01\/12\/acidente-na-br-153-em-mallet-entre-carro-e-caminhao-deixa-dois-feridos\/","title":{"rendered":"ACIDENTE NA BR-153 EM MALLET ENTRE CARRO E CAMINH\u00c3O DEIXA DOIS FERIDOS"},"content":{"rendered":"\n<p>Mais um acidente no trecho conhecido como \u201cDescida das \u00c1guas\u201c, na BR\u00a0 153 em Mallet mobilizou o atendimento dos Bombeiros Comunit\u00e1rios do munic\u00edpio.<\/p>\n\n\n\n<figure class=\"wp-block-image size-full\"><img decoding=\"async\" src=\"https:\/\/radiostudiow.com.br\/site\/wp-content\/uploads\/2023\/10\/SITE-GRANDE-1.png\" alt=\"\" class=\"wp-image-16374\"\/><\/figure>\n\n\n\n<p>O fato&nbsp; teria ocorrido&nbsp; por volta das 19:30 horas desta quinta-feira (11), pr\u00f3ximo do km 393 e envolveu&nbsp; um autom\u00f3vel Peugeot e um caminh\u00e3o Mercedes Bens 1313.<br>Apesar do autom\u00f3vel ser emplacado em Pato Branco,&nbsp; ambos os ve\u00edculos s\u00e3o da cidade de Mallet.<\/p>\n\n\n\n<p>De acordo com informa\u00e7\u00f5es dos Bombeiros,\u00a0 duas v\u00edtimas do autom\u00f3vel foram atendidas com ferimentos leves e encaminhadas\u00a0 de ambul\u00e2ncia para o Hospital S\u00e3o Pedro.\u00a0<\/p>\n\n\n\n<p>O motorista do caminh\u00e3o recusou atendimento.<\/p>\n\n\n\n<p>O tr\u00e2nsito ficou lento no local devido os ve\u00edculos batidos ficarem na pista.<\/p>\n\n\n\n<figure class=\"wp-block-image size-full\"><img decoding=\"async\" src=\"https:\/\/radiostudiow.com.br\/site\/wp-content\/uploads\/2023\/10\/SITE-GRANDE5.png\" alt=\"\" class=\"wp-image-16372\"\/><\/figure>\n\n\n\n<figure class=\"wp-block-image size-large\"><img loading=\"lazy\" decoding=\"async\" width=\"671\" height=\"1024\" src=\"https:\/\/radiostudiow.com.br\/site\/wp-content\/uploads\/2024\/01\/image-32-671x1024.png\" alt=\"\" class=\"wp-image-18687\" srcset=\"https:\/\/radiostudiow.com.br\/site\/wp-content\/uploads\/2024\/01\/image-32-671x1024.png 671w, https:\/\/radiostudiow.com.br\/site\/wp-content\/uploads\/2024\/01\/image-32-197x300.png 197w, https:\/\/radiostudiow.com.br\/site\/wp-content\/uploads\/2024\/01\/image-32-768x1172.png 768w, https:\/\/radiostudiow.com.br\/site\/wp-content\/uploads\/2024\/01\/image-32.png 960w\" sizes=\"auto, (max-width: 671px) 100vw, 671px\" \/><figcaption class=\"wp-element-caption\">Fotos: Internautas<\/figcaption><\/figure>\n","protected":false},"excerpt":{"rendered":"<p>Mais um acidente no trecho conhecido como \u201cDescida das \u00c1guas\u201c, na BR\u00a0 153 em Mallet mobilizou o atendimento dos Bombeiros Comunit\u00e1rios do munic\u00edpio. O fato&nbsp; teria ocorrido&nbsp; por volta das 19:30 horas desta quinta-feira (11), pr\u00f3ximo do km 393 e envolveu&nbsp; um autom\u00f3vel Peugeot e um caminh\u00e3o Mercedes Bens 1313.Apesar do autom\u00f3vel ser emplacado em [&hellip;]<\/p>\n","protected":false},"author":2,"featured_media":18688,"comment_status":"open","ping_status":"open","sticky":false,"template":"","format":"standard","meta":{"footnotes":""},"categories":[2],"tags":[172],"class_list":["post-18686","post","type-post","status-publish","format-standard","has-post-thumbnail","hentry","category-policial","tag-featured"],"amp_enabled":true,"_links":{"self":[{"href":"https:\/\/radiostudiow.com.br\/site\/wp-json\/wp\/v2\/posts\/18686","targetHints":{"allow":["GET"]}}],"collection":[{"href":"https:\/\/radiostudiow.com.br\/site\/wp-json\/wp\/v2\/posts"}],"about":[{"href":"https:\/\/radiostudiow.com.br\/site\/wp-json\/wp\/v2\/types\/post"}],"author":[{"embeddable":true,"href":"https:\/\/radiostudiow.com.br\/site\/wp-json\/wp\/v2\/users\/2"}],"replies":[{"embeddable":true,"href":"https:\/\/radiostudiow.com.br\/site\/wp-json\/wp\/v2\/comments?post=18686"}],"version-history":[{"count":2,"href":"https:\/\/radiostudiow.com.br\/site\/wp-json\/wp\/v2\/posts\/18686\/revisions"}],"predecessor-version":[{"id":18690,"href":"https:\/\/radiostudiow.com.br\/site\/wp-json\/wp\/v2\/posts\/18686\/revisions\/18690"}],"wp:featuredmedia":[{"embeddable":true,"href":"https:\/\/radiostudiow.com.br\/site\/wp-json\/wp\/v2\/media\/18688"}],"wp:attachment":[{"href":"https:\/\/radiostudiow.com.br\/site\/wp-json\/wp\/v2\/media?parent=18686"}],"wp:term":[{"taxonomy":"category","embeddable":true,"href":"https:\/\/radiostudiow.com.br\/site\/wp-json\/wp\/v2\/categories?post=18686"},{"taxonomy":"post_tag","embeddable":true,"href":"https:\/\/radiostudiow.com.br\/site\/wp-json\/wp\/v2\/tags?post=18686"}],"curies":[{"name":"wp","href":"https:\/\/api.w.org\/{rel}","templated":true}]}}