{"id":18691,"date":"2024-01-12T11:41:19","date_gmt":"2024-01-12T14:41:19","guid":{"rendered":"https:\/\/radiostudiow.com.br\/site\/?p=18691"},"modified":"2025-01-31T15:02:20","modified_gmt":"2025-01-31T18:02:20","slug":"pm-de-general-carneiro-registra-furto-em-plantacao-de-erva-mate","status":"publish","type":"post","link":"https:\/\/radiostudiow.com.br\/site\/2024\/01\/12\/pm-de-general-carneiro-registra-furto-em-plantacao-de-erva-mate\/","title":{"rendered":"PM de General Carneiro registra furto em planta\u00e7\u00e3o de erva-mate"},"content":{"rendered":"\n<p>Um senhor compareceu ao Pelot\u00e3o da Pol\u00edcia Militar de General Carneiro por volta das 19:30 horas dessa quinta-feira, 11 de janeiro, relatando uma situa\u00e7\u00e3o de furto.<\/p>\n\n\n\n<figure class=\"wp-block-image size-full\"><img loading=\"lazy\" decoding=\"async\" width=\"598\" height=\"204\" src=\"https:\/\/radiostudiow.com.br\/site\/wp-content\/uploads\/2023\/12\/SITE-MEDIO4.png\" alt=\"\" class=\"wp-image-17598\" srcset=\"https:\/\/radiostudiow.com.br\/site\/wp-content\/uploads\/2023\/12\/SITE-MEDIO4.png 598w, https:\/\/radiostudiow.com.br\/site\/wp-content\/uploads\/2023\/12\/SITE-MEDIO4-300x102.png 300w\" sizes=\"auto, (max-width: 598px) 100vw, 598px\" \/><\/figure>\n\n\n\n<p>De acordo com o solicitante, dia dia 09 de janeiro, chegou a seu conhecimento que estariam furtando erva-mate da propriedade de seu pai sem autoriza\u00e7\u00e3o.<\/p>\n\n\n\n<p>Diante dos relatos, ele foi juntamente com seu pai at\u00e9 a planta\u00e7\u00e3o na localidade do Campo do Meio, ao chegar constataram que haviam sido retiradas cerca de 8000kg de erva-mate, al\u00e9m de v\u00e1rios rastros de caminh\u00f5es indicando o furto.<\/p>\n\n\n\n<figure class=\"wp-block-image size-full\"><img decoding=\"async\" src=\"https:\/\/radiostudiow.com.br\/site\/wp-content\/uploads\/2024\/01\/SITE-GRANDE5.png\" alt=\"\" class=\"wp-image-18704\"\/><\/figure>\n\n\n\n<p>O solicitante ainda completa que o local tamb\u00e9m esta sendo usado para manter gado sem autoriza\u00e7\u00e3o. Sendo assim, orientado pelos policiais quanto aos procedimentos cab\u00edveis.<\/p>\n","protected":false},"excerpt":{"rendered":"<p>Um senhor compareceu ao Pelot\u00e3o da Pol\u00edcia Militar de General Carneiro por volta das 19:30 horas dessa quinta-feira, 11 de janeiro, relatando uma situa\u00e7\u00e3o de furto. De acordo com o solicitante, dia dia 09 de janeiro, chegou a seu conhecimento que estariam furtando erva-mate da propriedade de seu pai sem autoriza\u00e7\u00e3o. Diante dos relatos, ele [&hellip;]<\/p>\n","protected":false},"author":2,"featured_media":17774,"comment_status":"open","ping_status":"open","sticky":false,"template":"","format":"standard","meta":{"footnotes":""},"categories":[2],"tags":[172],"class_list":["post-18691","post","type-post","status-publish","format-standard","has-post-thumbnail","hentry","category-policial","tag-featured"],"amp_enabled":true,"_links":{"self":[{"href":"https:\/\/radiostudiow.com.br\/site\/wp-json\/wp\/v2\/posts\/18691","targetHints":{"allow":["GET"]}}],"collection":[{"href":"https:\/\/radiostudiow.com.br\/site\/wp-json\/wp\/v2\/posts"}],"about":[{"href":"https:\/\/radiostudiow.com.br\/site\/wp-json\/wp\/v2\/types\/post"}],"author":[{"embeddable":true,"href":"https:\/\/radiostudiow.com.br\/site\/wp-json\/wp\/v2\/users\/2"}],"replies":[{"embeddable":true,"href":"https:\/\/radiostudiow.com.br\/site\/wp-json\/wp\/v2\/comments?post=18691"}],"version-history":[{"count":2,"href":"https:\/\/radiostudiow.com.br\/site\/wp-json\/wp\/v2\/posts\/18691\/revisions"}],"predecessor-version":[{"id":18705,"href":"https:\/\/radiostudiow.com.br\/site\/wp-json\/wp\/v2\/posts\/18691\/revisions\/18705"}],"wp:featuredmedia":[{"embeddable":true,"href":"https:\/\/radiostudiow.com.br\/site\/wp-json\/wp\/v2\/media\/17774"}],"wp:attachment":[{"href":"https:\/\/radiostudiow.com.br\/site\/wp-json\/wp\/v2\/media?parent=18691"}],"wp:term":[{"taxonomy":"category","embeddable":true,"href":"https:\/\/radiostudiow.com.br\/site\/wp-json\/wp\/v2\/categories?post=18691"},{"taxonomy":"post_tag","embeddable":true,"href":"https:\/\/radiostudiow.com.br\/site\/wp-json\/wp\/v2\/tags?post=18691"}],"curies":[{"name":"wp","href":"https:\/\/api.w.org\/{rel}","templated":true}]}}