{"id":18693,"date":"2024-01-12T10:14:47","date_gmt":"2024-01-12T13:14:47","guid":{"rendered":"https:\/\/radiostudiow.com.br\/site\/?p=18693"},"modified":"2025-01-31T15:02:20","modified_gmt":"2025-01-31T18:02:20","slug":"menina-de-tres-anos-esta-desaparecida-em-cascavel","status":"publish","type":"post","link":"https:\/\/radiostudiow.com.br\/site\/2024\/01\/12\/menina-de-tres-anos-esta-desaparecida-em-cascavel\/","title":{"rendered":"Menina de tr\u00eas anos est\u00e1 desaparecida em Cascavel"},"content":{"rendered":"\n<p><strong>Familiares da pequena \u00c1gata Sof\u00eda, de apenas tr\u00eas anos, est\u00e3o desesperados por not\u00edcias da pequena.<\/strong><\/p>\n\n\n\n<figure class=\"wp-block-image size-full\"><img decoding=\"async\" src=\"https:\/\/radiostudiow.com.br\/site\/wp-content\/uploads\/2023\/10\/SITE-GRANDE2.png\" alt=\"\" class=\"wp-image-16368\"\/><\/figure>\n\n\n\n<p>A menina \u00c1gata Sofia Saraiva, 3 anos, foi supostamente&nbsp;raptada&nbsp;na frente de sua casa em&nbsp;Cascavel, no Oeste do Paran\u00e1, na tarde desta quinta-feira (11).<\/p>\n\n\n\n<p>O caso ocorreu no bairro Santa Cruz. Conforme o prefeito da cidade, Leonaldo Paranhos, o port\u00e3o da casa estava aberto. Um carro de cor prata parou em frente e os ocupantes chamaram \u00c1gata para perto. Quando ela se aproximou, foi colocada no carro e levada embora.<\/p>\n\n\n\n<p>\u00c1gata faz parte de um programa social da prefeitura e estava morando com uma fam\u00edlia acolhedora. A fam\u00edlia registrou boletim de ocorr\u00eancia e a pol\u00edcia est\u00e1 em buscas desde o momento do registro. Ainda n\u00e3o se sabe o modelo e placa do carro.<\/p>\n\n\n\n<blockquote class=\"wp-block-quote is-layout-flow wp-block-quote-is-layout-flow\">\n<p>Qualquer informa\u00e7\u00e3o sobre o paradeiro da crian\u00e7a deve ser repassada para a pol\u00edcia pelo telefone 190 ou para a Guarda Municipal no telefone 153.<\/p>\n<\/blockquote>\n\n\n\n<figure class=\"wp-block-image size-full is-resized\"><img decoding=\"async\" src=\"https:\/\/radiostudiow.com.br\/site\/wp-content\/uploads\/2023\/10\/SITE-GRANDE5.png\" alt=\"\" class=\"wp-image-16372\" style=\"width:740px;height:auto\"\/><\/figure>\n\n\n\n<h2 class=\"wp-block-heading\"><\/h2>\n\n\n\n<h2 class=\"wp-block-heading\"><strong>Carro usado para raptar menina de 3 anos \u00e9 encontrado no Paran\u00e1<\/strong><\/h2>\n\n\n\n<p>A Pol\u00edcia Militar e a Guarda Municipal encontraram na madrugada desta sexta-feira (12) o carro que foi utilizado no sequestro da&nbsp;menina&nbsp;\u00c1gata Sofia Saraiva, crian\u00e7a de 3 anos que foi sequestrada em Cascavel, no Oeste do Paran\u00e1.&nbsp;<\/p>\n\n\n\n<p>De acordo com as informa\u00e7\u00f5es apuradas pela RICtv, o carro pertence ao pai do namorado da m\u00e3e biol\u00f3gica da menina. A Pol\u00edcia Civil suspeita que o casal est\u00e1 envolvido no sequestro.&nbsp;<\/p>\n\n\n\n<p>Tanto o pai, quanto a m\u00e3e biol\u00f3gica da pequena seguem foragidos. At\u00e9 a manh\u00e3 desta sexta, \u00c1gata Sofia ainda n\u00e3o foi encontrada.<\/p>\n","protected":false},"excerpt":{"rendered":"<p>Familiares da pequena \u00c1gata Sof\u00eda, de apenas tr\u00eas anos, est\u00e3o desesperados por not\u00edcias da pequena. A menina \u00c1gata Sofia Saraiva, 3 anos, foi supostamente&nbsp;raptada&nbsp;na frente de sua casa em&nbsp;Cascavel, no Oeste do Paran\u00e1, na tarde desta quinta-feira (11). O caso ocorreu no bairro Santa Cruz. Conforme o prefeito da cidade, Leonaldo Paranhos, o port\u00e3o da [&hellip;]<\/p>\n","protected":false},"author":2,"featured_media":18694,"comment_status":"open","ping_status":"open","sticky":false,"template":"","format":"standard","meta":{"footnotes":""},"categories":[2],"tags":[172],"class_list":["post-18693","post","type-post","status-publish","format-standard","has-post-thumbnail","hentry","category-policial","tag-featured"],"amp_enabled":true,"_links":{"self":[{"href":"https:\/\/radiostudiow.com.br\/site\/wp-json\/wp\/v2\/posts\/18693","targetHints":{"allow":["GET"]}}],"collection":[{"href":"https:\/\/radiostudiow.com.br\/site\/wp-json\/wp\/v2\/posts"}],"about":[{"href":"https:\/\/radiostudiow.com.br\/site\/wp-json\/wp\/v2\/types\/post"}],"author":[{"embeddable":true,"href":"https:\/\/radiostudiow.com.br\/site\/wp-json\/wp\/v2\/users\/2"}],"replies":[{"embeddable":true,"href":"https:\/\/radiostudiow.com.br\/site\/wp-json\/wp\/v2\/comments?post=18693"}],"version-history":[{"count":2,"href":"https:\/\/radiostudiow.com.br\/site\/wp-json\/wp\/v2\/posts\/18693\/revisions"}],"predecessor-version":[{"id":18702,"href":"https:\/\/radiostudiow.com.br\/site\/wp-json\/wp\/v2\/posts\/18693\/revisions\/18702"}],"wp:featuredmedia":[{"embeddable":true,"href":"https:\/\/radiostudiow.com.br\/site\/wp-json\/wp\/v2\/media\/18694"}],"wp:attachment":[{"href":"https:\/\/radiostudiow.com.br\/site\/wp-json\/wp\/v2\/media?parent=18693"}],"wp:term":[{"taxonomy":"category","embeddable":true,"href":"https:\/\/radiostudiow.com.br\/site\/wp-json\/wp\/v2\/categories?post=18693"},{"taxonomy":"post_tag","embeddable":true,"href":"https:\/\/radiostudiow.com.br\/site\/wp-json\/wp\/v2\/tags?post=18693"}],"curies":[{"name":"wp","href":"https:\/\/api.w.org\/{rel}","templated":true}]}}