{"id":18706,"date":"2024-01-12T11:44:51","date_gmt":"2024-01-12T14:44:51","guid":{"rendered":"https:\/\/radiostudiow.com.br\/site\/?p=18706"},"modified":"2025-01-31T15:02:20","modified_gmt":"2025-01-31T18:02:20","slug":"pm-registra-acidente-entre-moto-e-carro-em-sao-mateus-do-sul","status":"publish","type":"post","link":"https:\/\/radiostudiow.com.br\/site\/2024\/01\/12\/pm-registra-acidente-entre-moto-e-carro-em-sao-mateus-do-sul\/","title":{"rendered":"PM registra acidente entre moto e carro em S\u00e3o Mateus do Sul"},"content":{"rendered":"\n<p>A equipe da Pol\u00edcia Militar de S\u00e3o Mateus do Sul foi acionada para atender um acidente de tr\u00e2nsito entre um carro e uma motocicleta na rua Jo\u00e3o Gabriel Martins por volta das 14:24 horas dessa quinta-feira (11).<\/p>\n\n\n\n<figure class=\"wp-block-image size-full\"><img decoding=\"async\" src=\"https:\/\/radiostudiow.com.br\/site\/wp-content\/uploads\/2023\/10\/SITE-GRANDE4.png\" alt=\"\" class=\"wp-image-16367\"\/><\/figure>\n\n\n\n<p>Segundo informa\u00e7\u00f5es do relat\u00f3rio policial, no momento da chegada da PM no local, os ve\u00edculos envolvidos no acidente n\u00e3o estavam mais na rua acima. Dessa forma, a equipe foi at\u00e9 a Unidade de Pronto Atendimento, onde fez contato com a v\u00edtima.<\/p>\n\n\n\n<p>De acordo com o relato da v\u00edtima, ela estava transitando pela BR-476 quando, ao realizar uma manobra para acessar a rua Jo\u00e3o Gabriel Martins, acabou batendo sua motocicleta Honda CG 160 Titan em outro ve\u00edculo, o qual a v\u00edtima n\u00e3o soube informar a marca ou o modelo.<\/p>\n\n\n\n<figure class=\"wp-block-image size-full\"><img decoding=\"async\" src=\"https:\/\/radiostudiow.com.br\/site\/wp-content\/uploads\/2024\/01\/SITE-GRANDE5.png\" alt=\"\" class=\"wp-image-18704\"\/><\/figure>\n\n\n\n<p>O acidente n\u00e3o foi grave, resultando apenas em escoria\u00e7\u00f5es na perna esquerda da v\u00edtima e danos materiais, cujos danos a condutora do ve\u00edculo envolvido se comprometeu de ressarcir.<\/p>\n\n\n\n<p>Dessa forma, a equipe policial o orientou a respeito dos procedimentos de elabora\u00e7\u00e3o do boletim de acidente de tr\u00e2nsito.<\/p>\n","protected":false},"excerpt":{"rendered":"<p>A equipe da Pol\u00edcia Militar de S\u00e3o Mateus do Sul foi acionada para atender um acidente de tr\u00e2nsito entre um carro e uma motocicleta na rua Jo\u00e3o Gabriel Martins por volta das 14:24 horas dessa quinta-feira (11). Segundo informa\u00e7\u00f5es do relat\u00f3rio policial, no momento da chegada da PM no local, os ve\u00edculos envolvidos no acidente [&hellip;]<\/p>\n","protected":false},"author":2,"featured_media":18707,"comment_status":"open","ping_status":"open","sticky":false,"template":"","format":"standard","meta":{"footnotes":""},"categories":[2],"tags":[172],"class_list":["post-18706","post","type-post","status-publish","format-standard","has-post-thumbnail","hentry","category-policial","tag-featured"],"amp_enabled":true,"_links":{"self":[{"href":"https:\/\/radiostudiow.com.br\/site\/wp-json\/wp\/v2\/posts\/18706","targetHints":{"allow":["GET"]}}],"collection":[{"href":"https:\/\/radiostudiow.com.br\/site\/wp-json\/wp\/v2\/posts"}],"about":[{"href":"https:\/\/radiostudiow.com.br\/site\/wp-json\/wp\/v2\/types\/post"}],"author":[{"embeddable":true,"href":"https:\/\/radiostudiow.com.br\/site\/wp-json\/wp\/v2\/users\/2"}],"replies":[{"embeddable":true,"href":"https:\/\/radiostudiow.com.br\/site\/wp-json\/wp\/v2\/comments?post=18706"}],"version-history":[{"count":1,"href":"https:\/\/radiostudiow.com.br\/site\/wp-json\/wp\/v2\/posts\/18706\/revisions"}],"predecessor-version":[{"id":18708,"href":"https:\/\/radiostudiow.com.br\/site\/wp-json\/wp\/v2\/posts\/18706\/revisions\/18708"}],"wp:featuredmedia":[{"embeddable":true,"href":"https:\/\/radiostudiow.com.br\/site\/wp-json\/wp\/v2\/media\/18707"}],"wp:attachment":[{"href":"https:\/\/radiostudiow.com.br\/site\/wp-json\/wp\/v2\/media?parent=18706"}],"wp:term":[{"taxonomy":"category","embeddable":true,"href":"https:\/\/radiostudiow.com.br\/site\/wp-json\/wp\/v2\/categories?post=18706"},{"taxonomy":"post_tag","embeddable":true,"href":"https:\/\/radiostudiow.com.br\/site\/wp-json\/wp\/v2\/tags?post=18706"}],"curies":[{"name":"wp","href":"https:\/\/api.w.org\/{rel}","templated":true}]}}